{"id":99101,"date":"2025-02-14T07:00:00","date_gmt":"2025-02-14T10:00:00","guid":{"rendered":"https:\/\/tvc16.com\/portal\/?p=99101"},"modified":"2025-02-13T13:28:21","modified_gmt":"2025-02-13T16:28:21","slug":"betadinutuximabe-passara-a-ser-ofertado-pelo-sus-em-180-dias","status":"publish","type":"post","link":"https:\/\/tvc16.com\/portal\/2025\/02\/14\/betadinutuximabe-passara-a-ser-ofertado-pelo-sus-em-180-dias\/","title":{"rendered":"Betadinutuximabe passar\u00e1 a ser ofertado pelo SUS em 180 dias"},"content":{"rendered":"\n<p><em>Medicamento, cujo nome comercial \u00e9 Qarziba, \u00e9 usado para neuroblastoma<\/em><\/p>\n\n\n\n<p>Por Mariana Tokarnia &#8211; Rep\u00f3rter da Ag\u00eancia Brasil \/ Foto: Arte\/Isa Matos<\/p>\n\n\n\n<p><\/p>\n\n\n\n<p>O betadinutuximabe, cujo nome comercial \u00e9 Qarziba, passar\u00e1 a ser ofertado pelo Sistema \u00danico de Sa\u00fade (SUS) em at\u00e9 180 dias. O medicamento \u00e9 usado no tratamento de neuroblastoma, terceiro tipo de c\u00e2ncer mais recorrente em&nbsp;crian\u00e7as, perdendo apenas para a leucemia e tumores cerebrais. O prazo para a oferta na rede p\u00fablica est\u00e1 em portaria do Minist\u00e9rio da Sa\u00fade publicada esta semana no&nbsp;<a href=\"https:\/\/www.in.gov.br\/en\/web\/dou\/-\/portaria-sectics\/ms-n-7-de-9-de-fevereiro-de-2025-611863945\" target=\"_blank\" rel=\"noreferrer noopener\"><em>Di\u00e1rio Oficial da Uni\u00e3o<\/em><\/a>.&nbsp;<img decoding=\"async\" src=\"https:\/\/agenciabrasil.ebc.com.br\/ebc.png?id=1630219&amp;o=node\"><img decoding=\"async\" src=\"https:\/\/agenciabrasil.ebc.com.br\/ebc.gif?id=1630219&amp;o=node\"><\/p>\n\n\n\n<p>A medica\u00e7\u00e3o ofertada pelo SUS ser\u00e1 voltada para o tratamento de neuroblastoma de alto risco na fase de manuten\u00e7\u00e3o. &nbsp;A fase de manuten\u00e7\u00e3o ou p\u00f3s-consolida\u00e7\u00e3o tem por objetivo erradicar doen\u00e7a residual m\u00ednima e prevenir que ela&nbsp;volte a se manifestar.<\/p>\n\n\n\n<p>Em nota, o Minist\u00e9rio da Sa\u00fade diz que o tratamento com a medica\u00e7\u00e3o deve ser realizado em unidades habilitadas, como as unidades de Assist\u00eancia de Alta Complexidade em Oncologia (Unacon) e os centros de Assist\u00eancia de Alta Complexidade em Oncologia (Cacon), que oferecem atendimento integral, desde o diagn\u00f3stico at\u00e9 o tratamento.<\/p>\n\n\n\n<p>A pasta diz ainda que essa iniciativa &#8220;refor\u00e7a o compromisso do Minist\u00e9rio da Sa\u00fade em ampliar e qualificar a oferta de medicamentos e tratamentos para atender \u00e0s necessidades da popula\u00e7\u00e3o, garantindo o acesso a terapias baseadas em evid\u00eancias cient\u00edficas e na integralidade do cuidado oncol\u00f3gico\u201d.<\/p>\n\n\n\n<h2 class=\"wp-block-heading\">Qualidade de vida<\/h2>\n\n\n\n<p>O medicamento \u00e9 caro e relativamente novo, teve o uso autorizado pela Ag\u00eancia Nacional de Vigil\u00e2ncia Sanit\u00e1ria (Anvisa) em 2021. Em 2024, ap\u00f3s pedido feito pelo pr\u00f3prio fabricante do Qarziba, o laborat\u00f3rio Recordati, a Comiss\u00e3o Nacional de Incorpora\u00e7\u00e3o de Tecnologias no Sistema \u00danico de Sa\u00fade (Conitec)&nbsp;recomendou a&nbsp;<a href=\"https:\/\/agenciabrasil.ebc.com.br\/saude\/noticia\/2024-09\/sus-passara-custear-novo-remedio-para-tratamento-de-neuroblastoma\" target=\"_blank\" rel=\"noreferrer noopener\">incorpora\u00e7\u00e3o do betadinutuximabe<\/a>&nbsp;para o tratamento de neuroblastoma de alto risco.<\/p>\n\n\n\n<p>Segundo&nbsp;<a href=\"https:\/\/www.gov.br\/conitec\/pt-br\/midias\/relatorios\/2025\/relatorio-de-recomendacao-no-934-betadinutuximabe\" target=\"_blank\" rel=\"noreferrer noopener\">relat\u00f3rio da Conitec<\/a>,&nbsp;o medicamento proporciona \u201csignificativa melhora na sobrevida e qualidade de vida dos pacientes, em compara\u00e7\u00e3o com as tecnologias dispon\u00edveis atualmente no SUS\u201d.&nbsp;<\/p>\n\n\n\n<p>O relat\u00f3rio indica o uso do medicamento aos pacientes que \u201catingiram, pelo menos, uma resposta parcial ao tratamento com quimioterapia e transplante aut\u00f3logo de c\u00e9lulas tronco, e seu uso ser\u00e1 limitado \u00e0 fase de manuten\u00e7\u00e3o\u201d, diz o texto.<\/p>\n\n\n\n<p>At\u00e9 o momento, para obter a medica\u00e7\u00e3o, fam\u00edlias&nbsp;<a href=\"https:\/\/agenciabrasil.ebc.com.br\/saude\/noticia\/2024-09\/familias-comemoram-incorporacao-de-remedio-para-neuroblastoma-ao-sus\" target=\"_blank\" rel=\"noreferrer noopener\">recorrem \u00e0 Justi\u00e7a<\/a>. As compras p\u00fablicas feitas pelo SUS possibilitar\u00e3o, de acordo tamb\u00e9m com o relat\u00f3rio da Conitec, a redu\u00e7\u00e3o dos pre\u00e7os pagos. A estimativa \u00e9 que, ao final de cinco anos, a incrementa\u00e7\u00e3o da medica\u00e7\u00e3o custe R$ 107,8 milh\u00f5es, no total.<\/p>\n\n\n\n<h2 class=\"wp-block-heading\">Neuroblastoma<\/h2>\n\n\n\n<p>O neuroblastoma \u00e9 o tumor s\u00f3lido extracraniano mais comum entre as crian\u00e7as, representando 8% a 10% de todos os tumores infantis.&nbsp;<\/p>\n\n\n\n<p>O tratamento varia de acordo com o risco apresentado para cada paciente. Para aqueles com&nbsp;baixo risco ou intermedi\u00e1rio, s\u00e3o necess\u00e1rias cirurgia e, em alguns casos, quimioterapia. Para quem tem&nbsp;alto risco, pode haver necessidade da cirurgia para retirada do tumor, quimioterapia e at\u00e9 radioterapia. O tratamento envolve tamb\u00e9m a utiliza\u00e7\u00e3o de transplante de medula \u00f3ssea, com c\u00e9lulas provenientes do pr\u00f3prio paciente. Esses procedimentos s\u00e3o oferecidos pelo SUS. &nbsp;<\/p>\n\n\n\n<p>A maior dificuldade \u00e9 conseguir os medicamentos, cujos estudos demonstram que aumentam as chances de recupera\u00e7\u00e3o. A corrida \u00e9 contra o tempo, j\u00e1 que os medicamentos devem ser usados em etapas especificas do tratamento para que fa\u00e7am o devido efeito e tamb\u00e9m em casos espec\u00edficos.<\/p>\n\n\n<div class=\"wp-block-image\">\n<figure class=\"aligncenter is-resized\"><img decoding=\"async\" src=\"https:\/\/imagens.ebc.com.br\/f6ffJLkTVmeP9lKnKrXbwiaefhs=\/754x0\/smart\/https:\/\/agenciabrasil.ebc.com.br\/sites\/default\/files\/thumbnails\/image\/neuroblastoma_sintomas_copy.jpg?itok=PKbJuJ07\" alt=\"Neuroblastoma - infogr\u00e1fico sintomas e destaque. Foto: Arte\/EBC\" style=\"width:522px;height:auto\" title=\"Arte\/EBC\"\/><figcaption class=\"wp-element-caption\"><em>Neuroblastoma &#8211;\u00a0<strong>Arte\/EBC<\/strong><\/em><\/figcaption><\/figure>\n<\/div>\n\n\n<p>O neuroblastoma ganhou visibilidade na m\u00eddia em 2024 com a&nbsp;<a href=\"https:\/\/agenciabrasil.ebc.com.br\/saude\/noticia\/2024-09\/familias-comemoram-incorporacao-de-remedio-para-neuroblastoma-ao-sus\" target=\"_blank\" rel=\"noreferrer noopener\">campanha para arrecadar recursos<\/a>&nbsp;para o tratamento de Pedro, filho do indigenista&nbsp;Bruno Pereira,&nbsp;assassinado em 2022. A campanha lan\u00e7ou luz sobre uma luta, que \u00e9 tamb\u00e9m de muitas outras&nbsp;<a href=\"https:\/\/agenciabrasil.ebc.com.br\/saude\/noticia\/2024-01\/neuroblastoma-familias-compartilham-dificuldades-no-acesso-remedios\" target=\"_blank\" rel=\"noreferrer noopener\">fam\u00edlias<\/a>&nbsp;no Brasil.&nbsp;<br><br><\/p>\n","protected":false},"excerpt":{"rendered":"<p>Medicamento, cujo nome comercial \u00e9 Qarziba, \u00e9 usado para neuroblastoma Por Mariana Tokarnia &#8211; Rep\u00f3rter<\/p>\n","protected":false},"author":2,"featured_media":99102,"comment_status":"open","ping_status":"open","sticky":false,"template":"","format":"standard","meta":{"footnotes":""},"categories":[17],"tags":[],"class_list":["post-99101","post","type-post","status-publish","format-standard","has-post-thumbnail","hentry","category-outras-noticias"],"_links":{"self":[{"href":"https:\/\/tvc16.com\/portal\/wp-json\/wp\/v2\/posts\/99101","targetHints":{"allow":["GET"]}}],"collection":[{"href":"https:\/\/tvc16.com\/portal\/wp-json\/wp\/v2\/posts"}],"about":[{"href":"https:\/\/tvc16.com\/portal\/wp-json\/wp\/v2\/types\/post"}],"author":[{"embeddable":true,"href":"https:\/\/tvc16.com\/portal\/wp-json\/wp\/v2\/users\/2"}],"replies":[{"embeddable":true,"href":"https:\/\/tvc16.com\/portal\/wp-json\/wp\/v2\/comments?post=99101"}],"version-history":[{"count":1,"href":"https:\/\/tvc16.com\/portal\/wp-json\/wp\/v2\/posts\/99101\/revisions"}],"predecessor-version":[{"id":99103,"href":"https:\/\/tvc16.com\/portal\/wp-json\/wp\/v2\/posts\/99101\/revisions\/99103"}],"wp:featuredmedia":[{"embeddable":true,"href":"https:\/\/tvc16.com\/portal\/wp-json\/wp\/v2\/media\/99102"}],"wp:attachment":[{"href":"https:\/\/tvc16.com\/portal\/wp-json\/wp\/v2\/media?parent=99101"}],"wp:term":[{"taxonomy":"category","embeddable":true,"href":"https:\/\/tvc16.com\/portal\/wp-json\/wp\/v2\/categories?post=99101"},{"taxonomy":"post_tag","embeddable":true,"href":"https:\/\/tvc16.com\/portal\/wp-json\/wp\/v2\/tags?post=99101"}],"curies":[{"name":"wp","href":"https:\/\/api.w.org\/{rel}","templated":true}]}}