{"id":99109,"date":"2025-02-14T08:45:23","date_gmt":"2025-02-14T11:45:23","guid":{"rendered":"https:\/\/tvc16.com\/portal\/?p=99109"},"modified":"2025-02-14T08:45:25","modified_gmt":"2025-02-14T11:45:25","slug":"incendio-no-rio-pode-ter-sido-causado-por-curto-circuito","status":"publish","type":"post","link":"https:\/\/tvc16.com\/portal\/2025\/02\/14\/incendio-no-rio-pode-ter-sido-causado-por-curto-circuito\/","title":{"rendered":"Inc\u00eandio no Rio pode ter sido causado por curto-circuito"},"content":{"rendered":"\n<p><em>Fuma\u00e7a em f\u00e1brica de roupas deixou 21 pessoas hospitalizadas<\/em><\/p>\n\n\n\n<p>Por Ag\u00eancia Brasil \/ Foto: CBMERJ\/Divulga\u00e7\u00e3o<\/p>\n\n\n\n<p><\/p>\n\n\n\n<p>A Pol\u00edcia Civil investiga se o inc\u00eandio que atingiu a confec\u00e7\u00e3o de roupas Maximus, na zona norte do Rio de Janeiro, na \u00faltima quarta-feira (12), pode ter sido provocado por um curto-circuito na rede el\u00e9trica da f\u00e1brica. Segundo o delegado Tiago Dorigo, a per\u00edcia, realizada na quinta-feira, constatou liga\u00e7\u00f5es el\u00e9tricas clandestinas na f\u00e1brica.<img decoding=\"async\" src=\"https:\/\/agenciabrasil.ebc.com.br\/ebc.png?id=1630355&amp;o=node\"><img decoding=\"async\" src=\"https:\/\/agenciabrasil.ebc.com.br\/ebc.gif?id=1630355&amp;o=node\"><\/p>\n\n\n\n<p>\u201cA gente trabalha com v\u00e1rias hip\u00f3teses. Uma delas \u00e9 o excesso de carga que a liga\u00e7\u00e3o clandestina recebeu. Como a liga\u00e7\u00e3o clandestina, que est\u00e1 constatada, foi feita de forma errada, sem seguran\u00e7a, ela sofreu uma sobrecarga\u201d, afirmou o titular da Delegacia de Bonsucesso (21\u00aa DP), que investiga o caso.<\/p>\n\n\n\n<h2 class=\"wp-block-heading\">Feridos<\/h2>\n\n\n\n<p>O inc\u00eandio atingiu a f\u00e1brica na manh\u00e3 de quarta-feira e deixou pelo menos 21 v\u00edtimas, que receberam atendimento m\u00e9dico e foram encaminhadas para hospitais. Algumas delas sofreram queimaduras nas vias a\u00e9reas.<\/p>\n\n\n\n<p>A Maximus produzia fantasias para v\u00e1rias escolas de samba da S\u00e9rie Ouro, o grupo de acesso do carnaval carioca. As mais afetadas foram a Imp\u00e9rio Serrano, &nbsp;Unidos da Ponte e Unidos de Bangu.<\/p>\n\n\n\n<p>Por decis\u00e3o da Liga RJ, respons\u00e1vel pelos desfiles da S\u00e9rie Ouro, as tr\u00eas escolas n\u00e3o ser\u00e3o avaliadas neste carnaval e, portanto, n\u00e3o poder\u00e3o ser rebaixadas.<br><br><\/p>\n","protected":false},"excerpt":{"rendered":"<p>Fuma\u00e7a em f\u00e1brica de roupas deixou 21 pessoas hospitalizadas Por Ag\u00eancia Brasil \/ Foto: CBMERJ\/Divulga\u00e7\u00e3o<\/p>\n","protected":false},"author":2,"featured_media":99110,"comment_status":"open","ping_status":"open","sticky":false,"template":"","format":"standard","meta":{"footnotes":""},"categories":[17],"tags":[],"class_list":["post-99109","post","type-post","status-publish","format-standard","has-post-thumbnail","hentry","category-outras-noticias"],"_links":{"self":[{"href":"https:\/\/tvc16.com\/portal\/wp-json\/wp\/v2\/posts\/99109","targetHints":{"allow":["GET"]}}],"collection":[{"href":"https:\/\/tvc16.com\/portal\/wp-json\/wp\/v2\/posts"}],"about":[{"href":"https:\/\/tvc16.com\/portal\/wp-json\/wp\/v2\/types\/post"}],"author":[{"embeddable":true,"href":"https:\/\/tvc16.com\/portal\/wp-json\/wp\/v2\/users\/2"}],"replies":[{"embeddable":true,"href":"https:\/\/tvc16.com\/portal\/wp-json\/wp\/v2\/comments?post=99109"}],"version-history":[{"count":1,"href":"https:\/\/tvc16.com\/portal\/wp-json\/wp\/v2\/posts\/99109\/revisions"}],"predecessor-version":[{"id":99111,"href":"https:\/\/tvc16.com\/portal\/wp-json\/wp\/v2\/posts\/99109\/revisions\/99111"}],"wp:featuredmedia":[{"embeddable":true,"href":"https:\/\/tvc16.com\/portal\/wp-json\/wp\/v2\/media\/99110"}],"wp:attachment":[{"href":"https:\/\/tvc16.com\/portal\/wp-json\/wp\/v2\/media?parent=99109"}],"wp:term":[{"taxonomy":"category","embeddable":true,"href":"https:\/\/tvc16.com\/portal\/wp-json\/wp\/v2\/categories?post=99109"},{"taxonomy":"post_tag","embeddable":true,"href":"https:\/\/tvc16.com\/portal\/wp-json\/wp\/v2\/tags?post=99109"}],"curies":[{"name":"wp","href":"https:\/\/api.w.org\/{rel}","templated":true}]}}