{"id":9911,"date":"2021-01-28T06:37:22","date_gmt":"2021-01-28T09:37:22","guid":{"rendered":"https:\/\/tvc16.com\/portal\/?p=9911"},"modified":"2021-01-28T06:37:24","modified_gmt":"2021-01-28T09:37:24","slug":"secretaria-municipal-de-saude-confirma-mais-cinco-obitos-relacionados-a-covid-19-do-inicio-da-pandemia-ate-hoje-476-pessoas-morreram-em-consequencia-da-doenca","status":"publish","type":"post","link":"https:\/\/tvc16.com\/portal\/2021\/01\/28\/secretaria-municipal-de-saude-confirma-mais-cinco-obitos-relacionados-a-covid-19-do-inicio-da-pandemia-ate-hoje-476-pessoas-morreram-em-consequencia-da-doenca\/","title":{"rendered":"Secretaria Municipal de Sa\u00fade confirma mais cinco \u00f3bitos relacionados a Covid-19. Do in\u00edcio da pandemia, at\u00e9 hoje,  476 pessoas morreram em consequ\u00eancia da doen\u00e7a"},"content":{"rendered":"\n<p><\/p>\n\n\n\n<p>Mais cinco \u00f3bitos registrados nesta quarta-feira&nbsp; 27, e ainda h\u00e1 5.462 suspeitas de estarem contaminadas, mas s\u00e3o&nbsp; casos em an\u00e1lise que podem ser descartados ou confirmados.<\/p>\n\n\n\n<p>Neste momento, 80 pessoas est\u00e3o internadas em leitos de UTI privados e pelo SUS. Outras 83 est\u00e3o em leitos cl\u00ednicos privados e pelo SUS, totalizando 163 interna\u00e7\u00f5es em toda a rede da Cidade. A ocupa\u00e7\u00e3o de leitos cl\u00ednicos pelo SUS \u00e9 de 53,85% e de 61,29% em leitos de UTI.<br>Entre estes \u00faltimos \u00f3bitos, s\u00e3o quatro mulheres e um homem, na faixa et\u00e1ria dos 40 aos 90, Todos com doen\u00e7as pr\u00e9-existentes.<\/p>\n","protected":false},"excerpt":{"rendered":"<p>Mais cinco \u00f3bitos registrados nesta quarta-feira&nbsp; 27, e ainda h\u00e1 5.462 suspeitas de estarem contaminadas,<\/p>\n","protected":false},"author":2,"featured_media":9251,"comment_status":"open","ping_status":"open","sticky":false,"template":"","format":"standard","meta":{"footnotes":""},"categories":[12],"tags":[],"class_list":["post-9911","post","type-post","status-publish","format-standard","has-post-thumbnail","hentry","category-cidade"],"_links":{"self":[{"href":"https:\/\/tvc16.com\/portal\/wp-json\/wp\/v2\/posts\/9911","targetHints":{"allow":["GET"]}}],"collection":[{"href":"https:\/\/tvc16.com\/portal\/wp-json\/wp\/v2\/posts"}],"about":[{"href":"https:\/\/tvc16.com\/portal\/wp-json\/wp\/v2\/types\/post"}],"author":[{"embeddable":true,"href":"https:\/\/tvc16.com\/portal\/wp-json\/wp\/v2\/users\/2"}],"replies":[{"embeddable":true,"href":"https:\/\/tvc16.com\/portal\/wp-json\/wp\/v2\/comments?post=9911"}],"version-history":[{"count":1,"href":"https:\/\/tvc16.com\/portal\/wp-json\/wp\/v2\/posts\/9911\/revisions"}],"predecessor-version":[{"id":9912,"href":"https:\/\/tvc16.com\/portal\/wp-json\/wp\/v2\/posts\/9911\/revisions\/9912"}],"wp:featuredmedia":[{"embeddable":true,"href":"https:\/\/tvc16.com\/portal\/wp-json\/wp\/v2\/media\/9251"}],"wp:attachment":[{"href":"https:\/\/tvc16.com\/portal\/wp-json\/wp\/v2\/media?parent=9911"}],"wp:term":[{"taxonomy":"category","embeddable":true,"href":"https:\/\/tvc16.com\/portal\/wp-json\/wp\/v2\/categories?post=9911"},{"taxonomy":"post_tag","embeddable":true,"href":"https:\/\/tvc16.com\/portal\/wp-json\/wp\/v2\/tags?post=9911"}],"curies":[{"name":"wp","href":"https:\/\/api.w.org\/{rel}","templated":true}]}}