{"id":99118,"date":"2025-02-14T08:50:31","date_gmt":"2025-02-14T11:50:31","guid":{"rendered":"https:\/\/tvc16.com\/portal\/?p=99118"},"modified":"2025-02-14T08:50:33","modified_gmt":"2025-02-14T11:50:33","slug":"ministra-anuncia-gratuidade-dos-41-medicamentos-no-farmacia-popular","status":"publish","type":"post","link":"https:\/\/tvc16.com\/portal\/2025\/02\/14\/ministra-anuncia-gratuidade-dos-41-medicamentos-no-farmacia-popular\/","title":{"rendered":"Ministra anuncia gratuidade dos 41 medicamentos no Farm\u00e1cia Popular"},"content":{"rendered":"\n<p><em>Medida beneficia 1 milh\u00e3o de pessoas que ainda pagavam coparticipa\u00e7\u00e3o<\/em><\/p>\n\n\n\n<p>Por Luiz Claudio Ferreira &#8211; Rep\u00f3rter da Ag\u00eancia Brasil \/ Foto: Elza Fiuza\/ Ag\u00eancia Brasil<\/p>\n\n\n\n<p><\/p>\n\n\n\n<p>A ministra da Sa\u00fade, N\u00edsia Trindade, anunciou, nesta quinta-feira (13), a total gratuidade do Programa Farm\u00e1cia Popular. No Encontro Nacional de Prefeitos, em Bras\u00edlia, ela explicou que todos os 41 itens do programa, a partir de agora, passam a ser distribu\u00eddos de gra\u00e7a nas farm\u00e1cias credenciadas.&nbsp;<img decoding=\"async\" src=\"https:\/\/agenciabrasil.ebc.com.br\/ebc.png?id=1630341&amp;o=node\"><img decoding=\"async\" src=\"https:\/\/agenciabrasil.ebc.com.br\/ebc.gif?id=1630341&amp;o=node\"><\/p>\n\n\n\n<p>Segundo o Minist\u00e9rio da Sa\u00fade, a medida abrange toda a popula\u00e7\u00e3o brasileira e vai beneficiar de forma imediata mais de um milh\u00e3o de pessoas por ano, que antes pagavam coparticipa\u00e7\u00e3o.&nbsp;<\/p>\n\n\n\n<p>As fraldas geri\u00e1tricas, por exemplo, v\u00e3o passar a ser fornecidas de gra\u00e7a para o p\u00fablico eleg\u00edvel, como pessoas com 60 anos ou mais. A ministra avalia que essa foi uma escolha importante em aten\u00e7\u00e3o ao envelhecimento da popula\u00e7\u00e3o.&nbsp;<\/p>\n\n\n\n<p>\u201cTivemos mais de 24 milh\u00f5es de pessoas beneficiadas em 2024 e vamos aumentar ainda mais esse alcance principalmente nas \u00e1reas mais remotas desse pa\u00eds\u201d, disse a ministra.&nbsp;<\/p>\n\n\n\n<p>O minist\u00e9rio contabiliza que, de 2022 para 2024, o total de pessoas atendidas passou de 20,7 milh\u00f5es em 2022 para 24,7 milh\u00f5es em 2024.&nbsp;<\/p>\n\n\n\n<p>A ministra ainda anunciou que o governo ampliou o credenciamento para 758 cidades que ainda n\u00e3o contavam com o Farm\u00e1cia Popular.&nbsp;<\/p>\n\n\n\n<p>A ideia \u00e9 chegar a todas as cidades, segundo a ministra. Atualmente, o programa j\u00e1 est\u00e1 presente em 4.812 munic\u00edpios (86% das cidades e 97% da popula\u00e7\u00e3o com mais de 31 mil farm\u00e1cias credenciadas). O programa foi criado em 2004.<\/p>\n\n\n\n<h2 class=\"wp-block-heading\">Preven\u00e7\u00e3o \u00e0 dengue&nbsp;<\/h2>\n\n\n\n<p>Tamb\u00e9m no encontro de prefeitos, N\u00edsia Trindade alertou que as gest\u00f5es municipais s\u00e3o \u201catores principais\u201d no combate \u00e0 dengue no Pa\u00eds.&nbsp;<\/p>\n\n\n\n<p>\u201cMuito pode ser feito, principalmente no \u00e2mbito dos munic\u00edpios, das prefeituras, com a limpeza urbana e evitar \u00e1gua parada. Isso porque 75% dos focos (do mosquito transmissor) est\u00e3o nas nossas casas e ao redor das nossas casas\u201d, disse em entrevista \u00e0 imprensa.&nbsp;<\/p>\n\n\n\n<p>Ela acrescentou, no entanto, que o enfrentamento deve ser conjunto, com governo federal, estados e munic\u00edpios a fim de conscientizar a popula\u00e7\u00e3o. \u201cN\u00f3s conseguimos ter uma redu\u00e7\u00e3o de 60% (dos casos) neste ano quando comparamos com 2024\u201d, afirmou.<\/p>\n\n\n\n<p>A ministra lamentou que no ano passado houve 6,5 milh\u00f5es de casos de dengue. Ela atribuiu o resultado \u00e0s mudan\u00e7as clim\u00e1ticas e tamb\u00e9m \u00e0 varia\u00e7\u00e3o dos sorotipos da dengue. Inclusive, em janeiro, o minist\u00e9rio alertou que o tipo 3 \u00e9 o que mais preocupa as autoridades porque tem maior potencial de causar formas graves da doen\u00e7a.<\/p>\n\n\n\n<p>\u201cH\u00e1 muitas regi\u00f5es do Brasil que s\u00e3o motivos de preocupa\u00e7\u00e3o para n\u00f3s, como alguns munic\u00edpios de S\u00e3o Paulo, onde estamos apoiando as prefeituras, como \u00e9 o caso de S\u00e3o Jos\u00e9 do Rio Preto\u201d.<\/p>\n\n\n\n<p>Ela ponderou que a vacina contra a doen\u00e7a ainda n\u00e3o \u00e9 produzida em uma escala para todo o pa\u00eds, e \u00e9 destinada para crian\u00e7as e adolescentes em mais de dois mil munic\u00edpios. \u201cPrecisamos recomendar fortemente aos respons\u00e1veis que levem suas crian\u00e7as e seus adolescentes que n\u00e3o tomaram a segunda dose para tomar\u201d, alertou.&nbsp;<\/p>\n\n\n\n<p>Ela garantiu que o minist\u00e9rio tem apoiado estados e munic\u00edpios com novas tecnologias de unidades para dispersar o larvicida, fortalecer os agentes de endemias e realizar a\u00e7\u00f5es para os pr\u00f3ximos anos, como \u00e9 o caso da introdu\u00e7\u00e3o da bact\u00e9ria Wolbachia para controlar a transmiss\u00e3o do v\u00edrus.&nbsp;<br><br><br><\/p>\n","protected":false},"excerpt":{"rendered":"<p>Medida beneficia 1 milh\u00e3o de pessoas que ainda pagavam coparticipa\u00e7\u00e3o Por Luiz Claudio Ferreira &#8211;<\/p>\n","protected":false},"author":2,"featured_media":99119,"comment_status":"open","ping_status":"open","sticky":false,"template":"","format":"standard","meta":{"footnotes":""},"categories":[17],"tags":[],"class_list":["post-99118","post","type-post","status-publish","format-standard","has-post-thumbnail","hentry","category-outras-noticias"],"_links":{"self":[{"href":"https:\/\/tvc16.com\/portal\/wp-json\/wp\/v2\/posts\/99118","targetHints":{"allow":["GET"]}}],"collection":[{"href":"https:\/\/tvc16.com\/portal\/wp-json\/wp\/v2\/posts"}],"about":[{"href":"https:\/\/tvc16.com\/portal\/wp-json\/wp\/v2\/types\/post"}],"author":[{"embeddable":true,"href":"https:\/\/tvc16.com\/portal\/wp-json\/wp\/v2\/users\/2"}],"replies":[{"embeddable":true,"href":"https:\/\/tvc16.com\/portal\/wp-json\/wp\/v2\/comments?post=99118"}],"version-history":[{"count":1,"href":"https:\/\/tvc16.com\/portal\/wp-json\/wp\/v2\/posts\/99118\/revisions"}],"predecessor-version":[{"id":99120,"href":"https:\/\/tvc16.com\/portal\/wp-json\/wp\/v2\/posts\/99118\/revisions\/99120"}],"wp:featuredmedia":[{"embeddable":true,"href":"https:\/\/tvc16.com\/portal\/wp-json\/wp\/v2\/media\/99119"}],"wp:attachment":[{"href":"https:\/\/tvc16.com\/portal\/wp-json\/wp\/v2\/media?parent=99118"}],"wp:term":[{"taxonomy":"category","embeddable":true,"href":"https:\/\/tvc16.com\/portal\/wp-json\/wp\/v2\/categories?post=99118"},{"taxonomy":"post_tag","embeddable":true,"href":"https:\/\/tvc16.com\/portal\/wp-json\/wp\/v2\/tags?post=99118"}],"curies":[{"name":"wp","href":"https:\/\/api.w.org\/{rel}","templated":true}]}}