{"id":99124,"date":"2025-02-14T08:56:55","date_gmt":"2025-02-14T11:56:55","guid":{"rendered":"https:\/\/tvc16.com\/portal\/?p=99124"},"modified":"2025-02-14T11:28:59","modified_gmt":"2025-02-14T14:28:59","slug":"ministerio-da-fazenda-estima-crescimento-de-23-do-pib-em-2025","status":"publish","type":"post","link":"https:\/\/tvc16.com\/portal\/2025\/02\/14\/ministerio-da-fazenda-estima-crescimento-de-23-do-pib-em-2025\/","title":{"rendered":"Minist\u00e9rio da Fazenda estima crescimento de 2,3% do PIB em 2025"},"content":{"rendered":"\n<p><em>Para a ind\u00fastria, previs\u00e3o de expans\u00e3o \u00e9 revisada de 2,5% para 2,2%<\/em><\/p>\n\n\n\n<p>Por Bruno Bocchini &#8211; Rep\u00f3rter da Ag\u00eancia Brasil \/ Foto: Jos\u00e9 Cruz\/Ag\u00eancia Brasil\/Arquivo<\/p>\n\n\n\n<p><\/p>\n\n\n\n<p>A Secretaria de Pol\u00edtica Econ\u00f4mica do Minist\u00e9rio da Fazenda (SPE) apresentou, nesta quinta-feira (13), proje\u00e7\u00e3o de crescimento do Produto Interno Bruto (PIB) do pa\u00eds em 2025. A atividade econ\u00f4mica dever\u00e1 ter alta de 2,3%. A estimativa anterior, em novembro, era de um crescimento de 2,5% do PIB.<img decoding=\"async\" src=\"https:\/\/agenciabrasil.ebc.com.br\/ebc.png?id=1630334&amp;o=node\"><img decoding=\"async\" src=\"https:\/\/agenciabrasil.ebc.com.br\/ebc.gif?id=1630334&amp;o=node\"><\/p>\n\n\n\n<p>De acordo com o minist\u00e9rio, a redu\u00e7\u00e3o da proje\u00e7\u00e3o do PIB para 2025 est\u00e1 baseada principalmente na eleva\u00e7\u00e3o dos juros, na desacelera\u00e7\u00e3o da atividade econ\u00f4mica no quarto trimestre de 2024 e no cen\u00e1rio conjuntural externo.<\/p>\n\n\n\n<p>\u201cA gente reduziu essa proje\u00e7\u00e3o, em parte, pesando o que a gente est\u00e1 vendo na pol\u00edtica monet\u00e1ria. E, em parte, porque estamos vendo uma desacelera\u00e7\u00e3o mais acentuada da atividade agora no quarto trimestre de 2024. Ent\u00e3o, no cen\u00e1rio de 2,3% est\u00e3o incorporados esses dois elementos, destacou a subsecret\u00e1ria de Pol\u00edtica Macroecon\u00f4mica, Raquel Nadal.<\/p>\n\n\n\n<p>Ela ressalvou, no entanto, que o minist\u00e9rio incluiu nessa proje\u00e7\u00e3o a melhora nos resultados do setor agropecu\u00e1rio em raz\u00e3o das boas perspectivas para a safra de 2025.&nbsp;<\/p>\n\n\n\n<h2 class=\"wp-block-heading\">Desacelera\u00e7\u00e3o<\/h2>\n\n\n\n<p>Por setor produtivo, a SPE espera uma desacelera\u00e7\u00e3o da ind\u00fastria e dos servi\u00e7os, parcialmente compensada pela acelera\u00e7\u00e3o da produ\u00e7\u00e3o agropecu\u00e1ria.<\/p>\n\n\n\n<p>Para a ind\u00fastria, a previs\u00e3o de crescimento em 2025 foi revisada de 2,5% para 2,2% em raz\u00e3o da desacelera\u00e7\u00e3o projetada para a ind\u00fastria de transforma\u00e7\u00e3o e para a constru\u00e7\u00e3o, apesar da&nbsp;recupera\u00e7\u00e3o da ind\u00fastria extrativa, sobretudo, em fun\u00e7\u00e3o da entrada em opera\u00e7\u00e3o de novas plataformas de petr\u00f3leo.<\/p>\n\n\n\n<p>Para servi\u00e7os, o ritmo de expans\u00e3o projetado para 2025 pela secretaria caiu de 2,1% para 1,9%, principalmente como reflexo da desacelera\u00e7\u00e3o na cria\u00e7\u00e3o de novos postos de trabalho e da redu\u00e7\u00e3o no ritmo de concess\u00f5es de cr\u00e9dito em fun\u00e7\u00e3o do patamar elevado dos juros.<\/p>\n\n\n\n<p>Para a atividade agropecu\u00e1ria, a proje\u00e7\u00e3o de crescimento foi mantida em 6%, levando em considera\u00e7\u00e3o os progn\u00f3sticos da safra, dados preliminares de abate de bovinos para o quarto trimestre de 2024 e uma melhora da situa\u00e7\u00e3o clim\u00e1tica.<\/p>\n\n\n\n<h2 class=\"wp-block-heading\">Efeito Trump<\/h2>\n\n\n\n<p>Para o secret\u00e1rio de Pol\u00edtica Econ\u00f4mica do Minist\u00e9rio da Fazenda, Guilherme Mello, ainda \u00e9 cedo para projetar os impactos da pol\u00edtica comercial implementada pelo presidente dos Estados Unidos, Donald Trump, no crescimento brasileiro de 2025.&nbsp;<\/p>\n\n\n\n<p>\u201c\u00c9 muito cedo para incorporar esse tema em qualquer cen\u00e1rio. Claro que voc\u00ea pode construir cen\u00e1rios alternativos e poss\u00edveis, mas n\u00f3s temos ainda que entender melhor como isso vai ocorrer, em que prazo, quem vai ser mais afetado, quem n\u00e3o vai ser, isso ainda leva tempo para ter mais clareza sobre esse cen\u00e1rio. Ent\u00e3o, hoje \u00e9 muito dif\u00edcil apontar poss\u00edveis impactos\u201d, disse.<\/p>\n\n\n\n<p>De acordo com Mello, at\u00e9 o momento \u00e9 poss\u00edvel apontar apenas impactos setoriais, mas n\u00e3o macroecon\u00f4micos.<\/p>\n\n\n\n<p>\u201cCaso necess\u00e1rio, caso a gente enxergue que existe a necessidade de incorpora\u00e7\u00e3o de algo no cen\u00e1rio macro, n\u00f3s vamos incorporar no momento que n\u00f3s tivermos essa convic\u00e7\u00e3o\u201d, finalizou.<br><br><\/p>\n","protected":false},"excerpt":{"rendered":"<p>Para a ind\u00fastria, previs\u00e3o de expans\u00e3o \u00e9 revisada de 2,5% para 2,2% Por Bruno Bocchini<\/p>\n","protected":false},"author":2,"featured_media":99125,"comment_status":"open","ping_status":"open","sticky":false,"template":"","format":"standard","meta":{"footnotes":""},"categories":[17],"tags":[],"class_list":["post-99124","post","type-post","status-publish","format-standard","has-post-thumbnail","hentry","category-outras-noticias"],"_links":{"self":[{"href":"https:\/\/tvc16.com\/portal\/wp-json\/wp\/v2\/posts\/99124","targetHints":{"allow":["GET"]}}],"collection":[{"href":"https:\/\/tvc16.com\/portal\/wp-json\/wp\/v2\/posts"}],"about":[{"href":"https:\/\/tvc16.com\/portal\/wp-json\/wp\/v2\/types\/post"}],"author":[{"embeddable":true,"href":"https:\/\/tvc16.com\/portal\/wp-json\/wp\/v2\/users\/2"}],"replies":[{"embeddable":true,"href":"https:\/\/tvc16.com\/portal\/wp-json\/wp\/v2\/comments?post=99124"}],"version-history":[{"count":2,"href":"https:\/\/tvc16.com\/portal\/wp-json\/wp\/v2\/posts\/99124\/revisions"}],"predecessor-version":[{"id":99172,"href":"https:\/\/tvc16.com\/portal\/wp-json\/wp\/v2\/posts\/99124\/revisions\/99172"}],"wp:featuredmedia":[{"embeddable":true,"href":"https:\/\/tvc16.com\/portal\/wp-json\/wp\/v2\/media\/99125"}],"wp:attachment":[{"href":"https:\/\/tvc16.com\/portal\/wp-json\/wp\/v2\/media?parent=99124"}],"wp:term":[{"taxonomy":"category","embeddable":true,"href":"https:\/\/tvc16.com\/portal\/wp-json\/wp\/v2\/categories?post=99124"},{"taxonomy":"post_tag","embeddable":true,"href":"https:\/\/tvc16.com\/portal\/wp-json\/wp\/v2\/tags?post=99124"}],"curies":[{"name":"wp","href":"https:\/\/api.w.org\/{rel}","templated":true}]}}