{"id":99127,"date":"2025-02-14T09:34:27","date_gmt":"2025-02-14T12:34:27","guid":{"rendered":"https:\/\/tvc16.com\/portal\/?p=99127"},"modified":"2025-02-14T09:34:33","modified_gmt":"2025-02-14T12:34:33","slug":"integrantes-do-projeto-morte-zero-do-mprj-e-da-seaerj-coordenam-dialogos-para-elaborar-a-carta-de-petropolis","status":"publish","type":"post","link":"https:\/\/tvc16.com\/portal\/2025\/02\/14\/integrantes-do-projeto-morte-zero-do-mprj-e-da-seaerj-coordenam-dialogos-para-elaborar-a-carta-de-petropolis\/","title":{"rendered":"Integrantes do Projeto Morte Zero do MPRJ e da SEAERJ coordenam di\u00e1logos para elaborar a Carta de Petr\u00f3polis"},"content":{"rendered":"\n<p>Integrantes do&nbsp;Projeto Morte Zero, do Minist\u00e9rio P\u00fablico do Estado do Rio de Janeiro (MPRJ), e a Sociedade de Engenheiros e Arquitetos do Estado do Rio de Janeiro (SEAERJ) elaboraram a Carta de Petr\u00f3polis, documento que consolida prioridades e propostas para mitigar os impactos das mudan\u00e7as clim\u00e1ticas na cidade. A Carta tem como base os di\u00e1logos promovidos pelo movimento Pensar Petr\u00f3polis com a sociedade civil, institui\u00e7\u00f5es acad\u00eamicas, entidades p\u00fablicas e privadas, al\u00e9m de lideran\u00e7as comunit\u00e1rias. Sua entrega ao Poder Executivo Municipal est\u00e1 prevista para o dia 14 de fevereiro de 2025, \u00e0s 11h, na Casa dos Conselhos.<\/p>\n\n\n\n<p>A Carta de Petr\u00f3polis surge do sentimento coletivo de urg\u00eancia por mudan\u00e7as e busca sensibilizar o poder p\u00fablico para a ado\u00e7\u00e3o de uma cultura de preven\u00e7\u00e3o de desastres na cidade. Fundamenta-se na intelig\u00eancia coletiva, resultado do pensamento de diversos segmentos da sociedade, e destaca a necessidade de medidas eficazes e cont\u00ednuas para a prote\u00e7\u00e3o da popula\u00e7\u00e3o. Al\u00e9m disso, reconhece o protagonismo e a vulnerabilidade dos afetados.<\/p>\n\n\n\n<p>Nos desastres de 15 de fevereiro e 20 de mar\u00e7o de 2022, milhares ficaram desabrigadas e 240 pessoas perderam a vida em Petr\u00f3polis. Atualmente, 72.070 pessoas vivem em \u00e1reas de risco e vulnerabilidade (Fonte: IBGE &#8211; 2022), e a cidade \u00e9 apontada pelo Servi\u00e7o Geol\u00f3gico do Brasil (SGB) como a de maior suscetibilidade a inunda\u00e7\u00f5es e deslizamentos de encostas do pa\u00eds.<\/p>\n\n\n\n<p>Para compreender e ouvir os moradores das \u00e1reas mais afetadas por eventos extremos, os debates do Pensar Petr\u00f3polis abordaram temas como meio ambiente, defesa civil, sa\u00fade inclusiva e assist\u00eancia social. Esses pilares foram essenciais para a constru\u00e7\u00e3o da Carta. Os encontros, realizados no segundo semestre de 2024, na UNIFASE (Faculdade de Medicina de Petr\u00f3polis), contaram com a participa\u00e7\u00e3o volunt\u00e1ria de representantes comunit\u00e1rios, especialistas, das promotoras de Justi\u00e7a Vanessa Katz e Zilza Januzzi, al\u00e9m acad\u00eamicos e de representantes de diversas entidades municipais e estaduais. Durante as reuni\u00f5es, din\u00e2micas de grupo ajudaram a identificar as necessidades mais urgentes das comunidades e do territ\u00f3rio.<\/p>\n\n\n\n<p>&#8220;O momento em que vivemos, marcado por tantas mudan\u00e7as, exige do Minist\u00e9rio P\u00fablico brasileiro uma atua\u00e7\u00e3o inovadora. Nesse contexto, o projeto Pensar Petr\u00f3polis surge da necessidade de refletir sobre os territ\u00f3rios, as complexidades dos desastres e as formas de proteger as pessoas. A partir das viv\u00eancias e experi\u00eancias de moradores, t\u00e9cnicos e servidores p\u00fablicos, buscamos reorientar e organizar a\u00e7\u00f5es priorit\u00e1rias para minimizar riscos e impactos das chuvas de ver\u00e3o&#8221;, destaca a procuradora de Justi\u00e7a Denise Tarin, idealizadora do Pensar Petr\u00f3polis e do Projeto Morte Zero.<\/p>\n\n\n\n<p>O projeto Morte Zero \u00e9 desenvolvido pelo MPRJ, em Petr\u00f3polis, desde 2002 e no estado do Rio de Janeiro, desde 2014 e tem como prop\u00f3sito integrar diversos segmentos das sociedades nos processos decis\u00f3rios, promovendo um di\u00e1logo p\u00fablico aberto, transparente e democr\u00e1tico. Com uma abordagem coletiva e colaborativa, o projeto se fundamenta na coopera\u00e7\u00e3o, solidariedade e integra\u00e7\u00e3o dos diversos atores sociais, buscando identificar as causas hist\u00f3ricas dos desastres e encontrar as melhores solu\u00e7\u00f5es.<\/p>\n\n\n\n<p>\u201c\u00c9 um ato de resist\u00eancia e, ao mesmo tempo, de assun\u00e7\u00e3o de compromissos por aqueles que vivem, trabalham ou, de alguma forma, colaboram para uma cidade mais segura, saud\u00e1vel e sustent\u00e1vel\u201d, enfatiza Denise Tarin.<\/p>\n","protected":false},"excerpt":{"rendered":"<p>Integrantes do&nbsp;Projeto Morte Zero, do Minist\u00e9rio P\u00fablico do Estado do Rio de Janeiro (MPRJ), e<\/p>\n","protected":false},"author":2,"featured_media":30612,"comment_status":"open","ping_status":"open","sticky":false,"template":"","format":"standard","meta":{"footnotes":""},"categories":[12],"tags":[],"class_list":["post-99127","post","type-post","status-publish","format-standard","has-post-thumbnail","hentry","category-cidade"],"_links":{"self":[{"href":"https:\/\/tvc16.com\/portal\/wp-json\/wp\/v2\/posts\/99127","targetHints":{"allow":["GET"]}}],"collection":[{"href":"https:\/\/tvc16.com\/portal\/wp-json\/wp\/v2\/posts"}],"about":[{"href":"https:\/\/tvc16.com\/portal\/wp-json\/wp\/v2\/types\/post"}],"author":[{"embeddable":true,"href":"https:\/\/tvc16.com\/portal\/wp-json\/wp\/v2\/users\/2"}],"replies":[{"embeddable":true,"href":"https:\/\/tvc16.com\/portal\/wp-json\/wp\/v2\/comments?post=99127"}],"version-history":[{"count":1,"href":"https:\/\/tvc16.com\/portal\/wp-json\/wp\/v2\/posts\/99127\/revisions"}],"predecessor-version":[{"id":99128,"href":"https:\/\/tvc16.com\/portal\/wp-json\/wp\/v2\/posts\/99127\/revisions\/99128"}],"wp:featuredmedia":[{"embeddable":true,"href":"https:\/\/tvc16.com\/portal\/wp-json\/wp\/v2\/media\/30612"}],"wp:attachment":[{"href":"https:\/\/tvc16.com\/portal\/wp-json\/wp\/v2\/media?parent=99127"}],"wp:term":[{"taxonomy":"category","embeddable":true,"href":"https:\/\/tvc16.com\/portal\/wp-json\/wp\/v2\/categories?post=99127"},{"taxonomy":"post_tag","embeddable":true,"href":"https:\/\/tvc16.com\/portal\/wp-json\/wp\/v2\/tags?post=99127"}],"curies":[{"name":"wp","href":"https:\/\/api.w.org\/{rel}","templated":true}]}}