{"id":99134,"date":"2025-02-15T11:00:00","date_gmt":"2025-02-15T14:00:00","guid":{"rendered":"https:\/\/tvc16.com\/portal\/?p=99134"},"modified":"2025-02-14T19:58:19","modified_gmt":"2025-02-14T22:58:19","slug":"prefeitura-de-petropolis-reune-secretarias-e-conselhos-para-articular-rede-de-atendimento-de-criancas-e-adolescentes","status":"publish","type":"post","link":"https:\/\/tvc16.com\/portal\/2025\/02\/15\/prefeitura-de-petropolis-reune-secretarias-e-conselhos-para-articular-rede-de-atendimento-de-criancas-e-adolescentes\/","title":{"rendered":"Prefeitura de Petr\u00f3polis re\u00fane secretarias e conselhos para articular rede de atendimento de crian\u00e7as e adolescentes"},"content":{"rendered":"\n<p>A Prefeitura promoveu a primeira reuni\u00e3o de articula\u00e7\u00e3o da rede de atendimento de crian\u00e7as e adolescentes, com representantes dos tr\u00eas Conselhos Tutelares do munic\u00edpio, assim como secret\u00e1rios de governo. O objetivo do encontro foi apresentar as demandas e identificar os principais gargalos da rede, com o intuito de criar fluxos mais eficientes para garantir a prote\u00e7\u00e3o e o atendimento adequado \u00e0s crian\u00e7as e adolescentes em situa\u00e7\u00e3o de risco.<\/p>\n\n\n\n<p>O encontro contou com representantes das secretarias municipais de Educa\u00e7\u00e3o, Assist\u00eancia Social, Sa\u00fade, Esportes e Cultura, al\u00e9m dos conselheiros tutelares dos Conselhos Tutelares 1, 2 e 3. O prefeito Hingo Hammes, que incentivou essa a\u00e7\u00e3o integrada, afirmou que a prote\u00e7\u00e3o das crian\u00e7as e adolescentes \u00e9 uma prioridade para a administra\u00e7\u00e3o municipal. &#8220;O que estamos fazendo aqui \u00e9 um passo importante para garantir que nossas crian\u00e7as e adolescentes tenham seus direitos respeitados. Estamos unidos em busca de solu\u00e7\u00f5es mais r\u00e1pidas e eficazes, porque, para n\u00f3s, crian\u00e7a e adolescente s\u00e3o prioridade&#8221;, disse o prefeito.<\/p>\n\n\n\n<p>A integra\u00e7\u00e3o entre as diversas secretarias e conselhos foi destacada como essencial para melhorar a resposta a essas demandas. &#8220;Estamos trabalhando de forma conjunta para entender melhor as necessidades da rede de atendimento e como podemos melhorar a resposta a essas demandas. O objetivo \u00e9 facilitar a atua\u00e7\u00e3o de todos quando o direito de uma crian\u00e7a ou adolescente estiver em risco&#8221;, afirmou a secret\u00e1ria Chefe de Gabinete, Rosangela Stumpf.<\/p>\n\n\n\n<p>O encontro teve como objetivo principal criar fluxos de trabalho mais eficazes entre os \u00f3rg\u00e3os envolvidos. &#8220;Precisamos nos conhecer melhor, entender as fun\u00e7\u00f5es de cada um e garantir que a rede de prote\u00e7\u00e3o esteja pronta para agir de forma r\u00e1pida e eficiente. A reuni\u00e3o teve um papel fundamental na organiza\u00e7\u00e3o da rede.&#8221;, explicou Fernanda Ferreira, presidente da Comdep e representante do Conselho Municipal dos Direitos da Crian\u00e7a e do Adolescente (CMDCA).<\/p>\n\n\n\n<p>O Conselho Tutelar tamb\u00e9m destacou a import\u00e2ncia do di\u00e1logo entre os \u00f3rg\u00e3os. &#8220;\u00c9 fundamental que as portas do governo estejam sempre abertas para ouvir as demandas e resolver os problemas. Essa integra\u00e7\u00e3o fortalece o atendimento \u00e0 popula\u00e7\u00e3o e, principalmente, garante que as nossas crian\u00e7as tenham seus direitos respeitados&#8221;, afirmou o conselheiro Tutelar, Tio Joilson.<\/p>\n","protected":false},"excerpt":{"rendered":"<p>A Prefeitura promoveu a primeira reuni\u00e3o de articula\u00e7\u00e3o da rede de atendimento de crian\u00e7as e<\/p>\n","protected":false},"author":2,"featured_media":99135,"comment_status":"open","ping_status":"open","sticky":false,"template":"","format":"standard","meta":{"footnotes":""},"categories":[12],"tags":[],"class_list":["post-99134","post","type-post","status-publish","format-standard","has-post-thumbnail","hentry","category-cidade"],"_links":{"self":[{"href":"https:\/\/tvc16.com\/portal\/wp-json\/wp\/v2\/posts\/99134","targetHints":{"allow":["GET"]}}],"collection":[{"href":"https:\/\/tvc16.com\/portal\/wp-json\/wp\/v2\/posts"}],"about":[{"href":"https:\/\/tvc16.com\/portal\/wp-json\/wp\/v2\/types\/post"}],"author":[{"embeddable":true,"href":"https:\/\/tvc16.com\/portal\/wp-json\/wp\/v2\/users\/2"}],"replies":[{"embeddable":true,"href":"https:\/\/tvc16.com\/portal\/wp-json\/wp\/v2\/comments?post=99134"}],"version-history":[{"count":1,"href":"https:\/\/tvc16.com\/portal\/wp-json\/wp\/v2\/posts\/99134\/revisions"}],"predecessor-version":[{"id":99136,"href":"https:\/\/tvc16.com\/portal\/wp-json\/wp\/v2\/posts\/99134\/revisions\/99136"}],"wp:featuredmedia":[{"embeddable":true,"href":"https:\/\/tvc16.com\/portal\/wp-json\/wp\/v2\/media\/99135"}],"wp:attachment":[{"href":"https:\/\/tvc16.com\/portal\/wp-json\/wp\/v2\/media?parent=99134"}],"wp:term":[{"taxonomy":"category","embeddable":true,"href":"https:\/\/tvc16.com\/portal\/wp-json\/wp\/v2\/categories?post=99134"},{"taxonomy":"post_tag","embeddable":true,"href":"https:\/\/tvc16.com\/portal\/wp-json\/wp\/v2\/tags?post=99134"}],"curies":[{"name":"wp","href":"https:\/\/api.w.org\/{rel}","templated":true}]}}