{"id":99137,"date":"2025-02-14T11:09:20","date_gmt":"2025-02-14T14:09:20","guid":{"rendered":"https:\/\/tvc16.com\/portal\/?p=99137"},"modified":"2025-02-14T11:10:16","modified_gmt":"2025-02-14T14:10:16","slug":"prefeito-hingo-hammes-participa-do-encontro-de-prefeitos-em-brasilia","status":"publish","type":"post","link":"https:\/\/tvc16.com\/portal\/2025\/02\/14\/prefeito-hingo-hammes-participa-do-encontro-de-prefeitos-em-brasilia\/","title":{"rendered":"Prefeito Hingo Hammes participa do encontro de prefeitos em Bras\u00edlia"},"content":{"rendered":"\n<p><em>Evento na capital do pa\u00eds reuniu prefeitos de mais de 3 mil cidades.<\/em><\/p>\n\n\n\n<p>O prefeito de Petr\u00f3polis, Hingo Hammes, participou nesta semana do encontro nacional de prefeitos e prefeitas de todo o pa\u00eds, que se reuniram na capital federal, Bras\u00edlia. Foram tr\u00eas dias de evento, com 3.110 prefeitos e 560 vice-prefeitos, representando 3.200 munic\u00edpios do pa\u00eds.<\/p>\n\n\n\n<p>\u201cEstar em Bras\u00edlia, em contato com o Governo Federal, \u00e9 sempre uma oportunidade de estabelecer pontes, elos que podem resultar na capta\u00e7\u00e3o de recursos para trazer projetos de melhorias para a nossa cidade. Foram tr\u00eas dias de muito aprendizado, de contato com outros prefeitos do pa\u00eds e muita troca de experi\u00eancias bem-sucedidas e di\u00e1logo\u201d, destacou o prefeito de Petr\u00f3polis.<\/p>\n\n\n\n<p>Os prefeitos visitaram stands, participaram de oficinas e palestras promovidas pelo governo federal, no Centro de Conven\u00e7\u00f5es Ulysses Guimar\u00e3es. Quase 20 mil pessoas participaram do encontro. Nos tr\u00eas dias de evento, os prefeitos tiveram a oportunidade de expor a realidade de suas cidades. A conclus\u00e3o de obras inacabadas em Petr\u00f3polis por gest\u00f5es anteriores esteve entre as demandas levadas pelo prefeito. \u201c Temos muitas demandas na cidade e, que com a crise financeira que estamos vivendo, precisamos muito do aux\u00edlio do apoio federal, estar em contato direto \u00e9 fundamental para estreitar as rela\u00e7\u00f5es e conhecer as oportunidades de programas que podemos participar\u201d, finalizou.<\/p>\n\n\n\n<p>O Encontro Nacional de Novos Prefeitos e Prefeitas foi baseado em seis eixos tem\u00e1ticos principais: Boa Governan\u00e7a, Sistemas Informatizados e Servi\u00e7os; Programas e A\u00e7\u00f5es do Governo Federal; Governan\u00e7a Clim\u00e1tica; Assist\u00eancia T\u00e9cnica \u2013 Transfer\u00eancias Governamentais; Lideran\u00e7as Femininas; e Pacto Federativo Brasileiro. Com o tema &#8220;A cidade que queremos est\u00e1 em nossas m\u00e3os&#8221;, o encontro foi realizado nos dias 11, 12 e 13 de fevereiro. O objetivo \u00e9 incentivar a coopera\u00e7\u00e3o entre os munic\u00edpios e o Governo Federal, estimulando a implementa\u00e7\u00e3o de pol\u00edticas p\u00fablicas inovadoras, inclusivas e sustent\u00e1veis.<\/p>\n","protected":false},"excerpt":{"rendered":"<p>Evento na capital do pa\u00eds reuniu prefeitos de mais de 3 mil cidades. O prefeito<\/p>\n","protected":false},"author":2,"featured_media":99138,"comment_status":"open","ping_status":"open","sticky":false,"template":"","format":"standard","meta":{"footnotes":""},"categories":[12],"tags":[],"class_list":["post-99137","post","type-post","status-publish","format-standard","has-post-thumbnail","hentry","category-cidade"],"_links":{"self":[{"href":"https:\/\/tvc16.com\/portal\/wp-json\/wp\/v2\/posts\/99137","targetHints":{"allow":["GET"]}}],"collection":[{"href":"https:\/\/tvc16.com\/portal\/wp-json\/wp\/v2\/posts"}],"about":[{"href":"https:\/\/tvc16.com\/portal\/wp-json\/wp\/v2\/types\/post"}],"author":[{"embeddable":true,"href":"https:\/\/tvc16.com\/portal\/wp-json\/wp\/v2\/users\/2"}],"replies":[{"embeddable":true,"href":"https:\/\/tvc16.com\/portal\/wp-json\/wp\/v2\/comments?post=99137"}],"version-history":[{"count":1,"href":"https:\/\/tvc16.com\/portal\/wp-json\/wp\/v2\/posts\/99137\/revisions"}],"predecessor-version":[{"id":99139,"href":"https:\/\/tvc16.com\/portal\/wp-json\/wp\/v2\/posts\/99137\/revisions\/99139"}],"wp:featuredmedia":[{"embeddable":true,"href":"https:\/\/tvc16.com\/portal\/wp-json\/wp\/v2\/media\/99138"}],"wp:attachment":[{"href":"https:\/\/tvc16.com\/portal\/wp-json\/wp\/v2\/media?parent=99137"}],"wp:term":[{"taxonomy":"category","embeddable":true,"href":"https:\/\/tvc16.com\/portal\/wp-json\/wp\/v2\/categories?post=99137"},{"taxonomy":"post_tag","embeddable":true,"href":"https:\/\/tvc16.com\/portal\/wp-json\/wp\/v2\/tags?post=99137"}],"curies":[{"name":"wp","href":"https:\/\/api.w.org\/{rel}","templated":true}]}}