{"id":9914,"date":"2021-01-28T06:44:51","date_gmt":"2021-01-28T09:44:51","guid":{"rendered":"https:\/\/tvc16.com\/portal\/?p=9914"},"modified":"2021-01-28T06:44:53","modified_gmt":"2021-01-28T09:44:53","slug":"termina-hoje-o-prazo-para-a-efetivacao-da-matricula-ano-letivo-2021-na-rede-municipal-de-ensino","status":"publish","type":"post","link":"https:\/\/tvc16.com\/portal\/2021\/01\/28\/termina-hoje-o-prazo-para-a-efetivacao-da-matricula-ano-letivo-2021-na-rede-municipal-de-ensino\/","title":{"rendered":"Termina hoje o prazo para a efetiva\u00e7\u00e3o da matr\u00edcula, ano letivo 2021, na Rede Municipal de Ensino"},"content":{"rendered":"\n<p>Os pais ou respons\u00e1veis por alunos que v\u00e3o ingressar na rede municipal de ensino devem enviar a documenta\u00e7\u00e3o necess\u00e1ria para a efetiva\u00e7\u00e3o da matr\u00edcula at\u00e9 o dia 28. Todo o atendimento pode ser feito pelo whatsapp 2246-8685. D\u00favidas podem ser esclarecidas pelo telefone 2246-8675.<\/p>\n\n\n\n<p>A rede municipal recebeu 1.397 inscri\u00e7\u00f5es na pr\u00e9-matr\u00edcula 2021. No entanto, desde agosto de 2020, mais 260 novas matr\u00edculas foram feitas na rede &#8211; oriundas tanto da rede particular quanto de alunos que vieram de outros munic\u00edpios. O somat\u00f3rio chega a 1.657 novas matriculas nesse per\u00edodo entre agosto e janeiro de 2021. J\u00e1 durante a pr\u00e9-matr\u00edcula 2019 para 2020 foram registradas 1.516 novas inscri\u00e7\u00f5es.<\/p>\n","protected":false},"excerpt":{"rendered":"<p>Os pais ou respons\u00e1veis por alunos que v\u00e3o ingressar na rede municipal de ensino devem<\/p>\n","protected":false},"author":2,"featured_media":9915,"comment_status":"open","ping_status":"open","sticky":false,"template":"","format":"standard","meta":{"footnotes":""},"categories":[12],"tags":[],"class_list":["post-9914","post","type-post","status-publish","format-standard","has-post-thumbnail","hentry","category-cidade"],"_links":{"self":[{"href":"https:\/\/tvc16.com\/portal\/wp-json\/wp\/v2\/posts\/9914","targetHints":{"allow":["GET"]}}],"collection":[{"href":"https:\/\/tvc16.com\/portal\/wp-json\/wp\/v2\/posts"}],"about":[{"href":"https:\/\/tvc16.com\/portal\/wp-json\/wp\/v2\/types\/post"}],"author":[{"embeddable":true,"href":"https:\/\/tvc16.com\/portal\/wp-json\/wp\/v2\/users\/2"}],"replies":[{"embeddable":true,"href":"https:\/\/tvc16.com\/portal\/wp-json\/wp\/v2\/comments?post=9914"}],"version-history":[{"count":1,"href":"https:\/\/tvc16.com\/portal\/wp-json\/wp\/v2\/posts\/9914\/revisions"}],"predecessor-version":[{"id":9916,"href":"https:\/\/tvc16.com\/portal\/wp-json\/wp\/v2\/posts\/9914\/revisions\/9916"}],"wp:featuredmedia":[{"embeddable":true,"href":"https:\/\/tvc16.com\/portal\/wp-json\/wp\/v2\/media\/9915"}],"wp:attachment":[{"href":"https:\/\/tvc16.com\/portal\/wp-json\/wp\/v2\/media?parent=9914"}],"wp:term":[{"taxonomy":"category","embeddable":true,"href":"https:\/\/tvc16.com\/portal\/wp-json\/wp\/v2\/categories?post=9914"},{"taxonomy":"post_tag","embeddable":true,"href":"https:\/\/tvc16.com\/portal\/wp-json\/wp\/v2\/tags?post=9914"}],"curies":[{"name":"wp","href":"https:\/\/api.w.org\/{rel}","templated":true}]}}