{"id":99144,"date":"2025-02-15T15:00:00","date_gmt":"2025-02-15T18:00:00","guid":{"rendered":"https:\/\/tvc16.com\/portal\/?p=99144"},"modified":"2025-02-14T20:07:50","modified_gmt":"2025-02-14T23:07:50","slug":"presidente-do-imc-de-petropolis-participa-de-encontro-de-gestores-de-cultura-em-brasilia","status":"publish","type":"post","link":"https:\/\/tvc16.com\/portal\/2025\/02\/15\/presidente-do-imc-de-petropolis-participa-de-encontro-de-gestores-de-cultura-em-brasilia\/","title":{"rendered":"Presidente do IMC de Petr\u00f3polis participa de encontro de gestores de cultura em Bras\u00edlia"},"content":{"rendered":"\n<p><em>Atividade paralela ao Encontro de Novos Prefeitos e Prefeitas contou com pain\u00e9is e oficinas sobre as a\u00e7\u00f5es desenvolvidas pela pasta.<\/em><\/p>\n\n\n\n<p>O secret\u00e1rio de Cultura de Petr\u00f3polis, Adenilson Honorato, foi um dos gestores municipais que participou do encontro nacional em Bras\u00edlia-DF, promovido pelo Minist\u00e9rio da Cultura &#8211; MinC. As atividades, que acontecem paralelamente ao encontro de Novos Prefeitos, come\u00e7aram na ter\u00e7a-feira (11) e foram finalizadas nesta quinta-feira (13).<\/p>\n\n\n\n<p>\u201c\u00c9 uma atividade muito importante para todos os gestores de cultura do Brasil, porque \u00e9 uma porta junto ao Governo Federal, que \u00e9 o maior fomentador da cultura no pa\u00eds, por meio das leis de incentivo\u201d, destacou o presidente do Instituto Municipal de Cultura e secret\u00e1rio de Cultura de Petr\u00f3polis, Adenilson Honorato.<\/p>\n\n\n\n<p>Entre os temas abordados no encontro est\u00e3o o Marco Regulat\u00f3rio do Fomento \u00e0 Cultura e Novo PAC. A s\u00e9rie de atividades incluiu ainda oficinas a respeito do Sistema Nacional de Cultura e gest\u00e3o de equipamentos culturais e painel sobre a Pol\u00edtica Nacional Aldir Blanc de Fomento \u00e0 Cultura &#8211; PNAB.<\/p>\n\n\n\n<p>O objetivo do Encontro com Gestores e Gestoras Municipais de Cultura \u00e9 compartilhar informa\u00e7\u00f5es e experi\u00eancias com as novas lideran\u00e7as e suas equipes, para apresentar quais s\u00e3o, como funcionam e de que maneira podem ser acessadas as principais pol\u00edticas culturais do pa\u00eds.<\/p>\n\n\n\n<p>\u201c\u00c9 ainda uma oportunidade de mostrar o que est\u00e1 sendo feito em Petr\u00f3polis e aprender com as experi\u00eancias de outras cidades do pa\u00eds. Discutir, debater e aprender com os bons exemplos e identificar aquilo que n\u00f3s podemos implementar na nossa cidade tamb\u00e9m\u201d, disse o presidente do IMC.<\/p>\n\n\n\n<p>Encontro de Prefeitos e Prefeitas<\/p>\n\n\n\n<p>A atividade integra a programa\u00e7\u00e3o direcionada aos novos prefeitos e prefeitas em exerc\u00edcio e suas equipes. As gest\u00f5es municipais ir\u00e3o contar ainda com estandes de atendimento de diferentes setores do Governo Federal.<\/p>\n\n\n\n<p>No evento, a ministra da Cultura, Margareth Menezes, participou da conversa sobre cultura nos munic\u00edpios. A atividade foi aberta aos gestores e gestoras municipais da \u00e1rea.<\/p>\n","protected":false},"excerpt":{"rendered":"<p>Atividade paralela ao Encontro de Novos Prefeitos e Prefeitas contou com pain\u00e9is e oficinas sobre<\/p>\n","protected":false},"author":2,"featured_media":99145,"comment_status":"open","ping_status":"open","sticky":false,"template":"","format":"standard","meta":{"footnotes":""},"categories":[12],"tags":[],"class_list":["post-99144","post","type-post","status-publish","format-standard","has-post-thumbnail","hentry","category-cidade"],"_links":{"self":[{"href":"https:\/\/tvc16.com\/portal\/wp-json\/wp\/v2\/posts\/99144","targetHints":{"allow":["GET"]}}],"collection":[{"href":"https:\/\/tvc16.com\/portal\/wp-json\/wp\/v2\/posts"}],"about":[{"href":"https:\/\/tvc16.com\/portal\/wp-json\/wp\/v2\/types\/post"}],"author":[{"embeddable":true,"href":"https:\/\/tvc16.com\/portal\/wp-json\/wp\/v2\/users\/2"}],"replies":[{"embeddable":true,"href":"https:\/\/tvc16.com\/portal\/wp-json\/wp\/v2\/comments?post=99144"}],"version-history":[{"count":1,"href":"https:\/\/tvc16.com\/portal\/wp-json\/wp\/v2\/posts\/99144\/revisions"}],"predecessor-version":[{"id":99146,"href":"https:\/\/tvc16.com\/portal\/wp-json\/wp\/v2\/posts\/99144\/revisions\/99146"}],"wp:featuredmedia":[{"embeddable":true,"href":"https:\/\/tvc16.com\/portal\/wp-json\/wp\/v2\/media\/99145"}],"wp:attachment":[{"href":"https:\/\/tvc16.com\/portal\/wp-json\/wp\/v2\/media?parent=99144"}],"wp:term":[{"taxonomy":"category","embeddable":true,"href":"https:\/\/tvc16.com\/portal\/wp-json\/wp\/v2\/categories?post=99144"},{"taxonomy":"post_tag","embeddable":true,"href":"https:\/\/tvc16.com\/portal\/wp-json\/wp\/v2\/tags?post=99144"}],"curies":[{"name":"wp","href":"https:\/\/api.w.org\/{rel}","templated":true}]}}