{"id":99147,"date":"2025-02-14T11:15:51","date_gmt":"2025-02-14T14:15:51","guid":{"rendered":"https:\/\/tvc16.com\/portal\/?p=99147"},"modified":"2025-02-14T11:15:54","modified_gmt":"2025-02-14T14:15:54","slug":"prefeitura-de-petropolis-inicia-plantio-de-hortensias-no-relogio-das-flores","status":"publish","type":"post","link":"https:\/\/tvc16.com\/portal\/2025\/02\/14\/prefeitura-de-petropolis-inicia-plantio-de-hortensias-no-relogio-das-flores\/","title":{"rendered":"Prefeitura de Petr\u00f3polis inicia plantio de hort\u00eansias no Rel\u00f3gio das Flores"},"content":{"rendered":"\n<p>A Prefeitura deu in\u00edcio ao plantio de mudas de hort\u00eansias pela cidade, trazendo ainda mais cor e charme para os espa\u00e7os p\u00fablicos. O primeiro local a receber as novas flores foi o Rel\u00f3gio das Flores, um dos principais cart\u00f5es-postais do munic\u00edpio, que est\u00e1 passando por um processo de revitaliza\u00e7\u00e3o. Al\u00e9m das hort\u00eansias, o espa\u00e7o tamb\u00e9m est\u00e1 sendo adornado com esp\u00e9cies como ix\u00f3ria, latana e cravina, garantindo um visual ainda mais vibrante.<\/p>\n\n\n\n<p>O trabalho est\u00e1 sendo realizado pela Companhia Municipal de Desenvolvimento de Petr\u00f3polis (Comdep). \u201cPetr\u00f3polis \u00e9 conhecida como a Cidade Imperial, mas tamb\u00e9m leva o t\u00edtulo de Cidade das Hort\u00eansias, e queremos refor\u00e7ar essa identidade. O Rel\u00f3gio das Flores \u00e9 um s\u00edmbolo da nossa cidade, e essa revitaliza\u00e7\u00e3o refor\u00e7a nosso compromisso com a preserva\u00e7\u00e3o dos espa\u00e7os p\u00fablicos. Queremos que moradores e turistas encontrem um ambiente ainda mais bonito e acolhedor\u201d, afirmou o prefeito Hingo Hammes.<\/p>\n\n\n\n<p>Neste primeiro momento, mais de dez mil mudas de diferentes esp\u00e9cies, ser\u00e3o espalhadas por diferentes pontos da cidade. As hort\u00eansias, s\u00edmbolo de delicadeza e tradi\u00e7\u00e3o, ganhar\u00e3o destaque no p\u00f3rtico do Quitandinha, Avenida Koeler e Roberto da Silveira, entre outras ruas e avenidas.<\/p>\n\n\n\n<p>Segundo a presidente da Comdep, Fernanda Ferreira, o plantio das mudas faz parte de um planejamento maior para o paisagismo da cidade. \u201cEstamos trabalhando para trazer mais cor e vida para Petr\u00f3polis. As hort\u00eansias e demais esp\u00e9cies escolhidas v\u00e3o embelezar ainda mais os espa\u00e7os p\u00fablicos, valorizando a cidade e proporcionando um ambiente mais agrad\u00e1vel para todos\u201d, destacou.<\/p>\n\n\n\n<p>A iniciativa, para a presidente da Comdep, refor\u00e7a o compromisso da Prefeitura com a preserva\u00e7\u00e3o da beleza natural de Petr\u00f3polis. &#8220;Estamos tornando a cidade ainda mais acolhedora para moradores e visitantes&#8221;, disse. O plantio faz parte de um conjunto de a\u00e7\u00f5es de paisagismo que seguem ao longo das pr\u00f3ximas semanas.<\/p>\n","protected":false},"excerpt":{"rendered":"<p>A Prefeitura deu in\u00edcio ao plantio de mudas de hort\u00eansias pela cidade, trazendo ainda mais<\/p>\n","protected":false},"author":2,"featured_media":99148,"comment_status":"open","ping_status":"open","sticky":false,"template":"","format":"standard","meta":{"footnotes":""},"categories":[12],"tags":[],"class_list":["post-99147","post","type-post","status-publish","format-standard","has-post-thumbnail","hentry","category-cidade"],"_links":{"self":[{"href":"https:\/\/tvc16.com\/portal\/wp-json\/wp\/v2\/posts\/99147","targetHints":{"allow":["GET"]}}],"collection":[{"href":"https:\/\/tvc16.com\/portal\/wp-json\/wp\/v2\/posts"}],"about":[{"href":"https:\/\/tvc16.com\/portal\/wp-json\/wp\/v2\/types\/post"}],"author":[{"embeddable":true,"href":"https:\/\/tvc16.com\/portal\/wp-json\/wp\/v2\/users\/2"}],"replies":[{"embeddable":true,"href":"https:\/\/tvc16.com\/portal\/wp-json\/wp\/v2\/comments?post=99147"}],"version-history":[{"count":1,"href":"https:\/\/tvc16.com\/portal\/wp-json\/wp\/v2\/posts\/99147\/revisions"}],"predecessor-version":[{"id":99149,"href":"https:\/\/tvc16.com\/portal\/wp-json\/wp\/v2\/posts\/99147\/revisions\/99149"}],"wp:featuredmedia":[{"embeddable":true,"href":"https:\/\/tvc16.com\/portal\/wp-json\/wp\/v2\/media\/99148"}],"wp:attachment":[{"href":"https:\/\/tvc16.com\/portal\/wp-json\/wp\/v2\/media?parent=99147"}],"wp:term":[{"taxonomy":"category","embeddable":true,"href":"https:\/\/tvc16.com\/portal\/wp-json\/wp\/v2\/categories?post=99147"},{"taxonomy":"post_tag","embeddable":true,"href":"https:\/\/tvc16.com\/portal\/wp-json\/wp\/v2\/tags?post=99147"}],"curies":[{"name":"wp","href":"https:\/\/api.w.org\/{rel}","templated":true}]}}