{"id":99152,"date":"2025-02-15T19:00:00","date_gmt":"2025-02-15T22:00:00","guid":{"rendered":"https:\/\/tvc16.com\/portal\/?p=99152"},"modified":"2025-02-14T20:20:39","modified_gmt":"2025-02-14T23:20:39","slug":"vereador-sugere-indicacao-legislativa-para-criacao-do-cartao-educacao-em-petropolis","status":"publish","type":"post","link":"https:\/\/tvc16.com\/portal\/2025\/02\/15\/vereador-sugere-indicacao-legislativa-para-criacao-do-cartao-educacao-em-petropolis\/","title":{"rendered":"Vereador sugere indica\u00e7\u00e3o legislativa para cria\u00e7\u00e3o do cart\u00e3o educa\u00e7\u00e3o em Petr\u00f3polis"},"content":{"rendered":"\n<p>Na quinta-feira (13), a C\u00e2mara Municipal de Petr\u00f3polis aprovou a Indica\u00e7\u00e3o Legislativa de autoria do vereador Junior Paix\u00e3o, que prop\u00f5e a cria\u00e7\u00e3o do Cart\u00e3o Educa\u00e7\u00e3o. A medida visa garantir que cada aluno da rede municipal tenha acesso a uniformes e materiais escolares por meio de um benef\u00edcio financeiro destinado \u00e0 compra desses itens em estabelecimentos credenciados no munic\u00edpio.<\/p>\n\n\n\n<p>A proposta surge como resposta aos desafios econ\u00f4micos e sociais enfrentados pelas fam\u00edlias petropolitanas, especialmente as mais vulner\u00e1veis, ap\u00f3s os impactos da pandemia. A implementa\u00e7\u00e3o do Cart\u00e3o Educa\u00e7\u00e3o beneficiar\u00e1 cerca de 42 mil alunos da rede municipal de ensino, proporcionando dignidade e melhores condi\u00e7\u00f5es de aprendizado.<\/p>\n\n\n\n<p>O vereador Junior Paix\u00e3o enfatizou a import\u00e2ncia do projeto: &#8220;Sabemos das dificuldades que muitas fam\u00edlias enfrentam para garantir os materiais escolares e uniformes de seus filhos. O Cart\u00e3o Educa\u00e7\u00e3o \u00e9 uma solu\u00e7\u00e3o que assegura esse direito e ao mesmo tempo, fortalece o com\u00e9rcio local, gerando um impacto econ\u00f4mico positivo para a cidade.&#8221;<\/p>\n\n\n\n<p>Al\u00e9m de promover a inclus\u00e3o educacional, o programa ter\u00e1 um efeito positivo na economia local. A expectativa \u00e9 que cerca de R$ 13 milh\u00f5es sejam injetados em estabelecimentos como papelarias, confec\u00e7\u00f5es e costureiras vinculadas \u00e0 Economia Solid\u00e1ria, promovendo um ciclo econ\u00f4mico virtuoso e incentivando o desenvolvimento do munic\u00edpio.<\/p>\n\n\n\n<p>Outro aspecto fundamental da proposta \u00e9 o enfrentamento \u00e0 evas\u00e3o escolar, que se intensificou durante a pandemia. A falta de materiais e uniformes adequados pode ser um fator desmotivador para a perman\u00eancia dos alunos na escola. Com o Cart\u00e3o Educa\u00e7\u00e3o, as crian\u00e7as ter\u00e3o condi\u00e7\u00f5es dignas para estudar, reduzindo os \u00edndices de abandono escolar e promovendo maior equidade no ensino.<\/p>\n\n\n\n<p>Para garantir que o benef\u00edcio seja acess\u00edvel e justo, a Prefeitura dever\u00e1 exigir que os estabelecimentos cadastrados respeitem a tabela de pre\u00e7os do Fundo Nacional de Desenvolvimento da Educa\u00e7\u00e3o (FNDE) e ofere\u00e7am descontos. Dessa forma, evita-se reajustes especulativos e assegura-se que os recursos sejam bem utilizados.<\/p>\n\n\n\n<p>Com a aprova\u00e7\u00e3o desta indica\u00e7\u00e3o, cabe agora ao Executivo Municipal elaborar e apresentar um projeto de lei formalizando a cria\u00e7\u00e3o do Cart\u00e3o. A expectativa \u00e9 que a iniciativa traga um impacto duradouro para a educa\u00e7\u00e3o, fortalecendo a economia local e promovendo dignidade para os alunos da rede municipal de Petr\u00f3polis.<\/p>\n","protected":false},"excerpt":{"rendered":"<p>Na quinta-feira (13), a C\u00e2mara Municipal de Petr\u00f3polis aprovou a Indica\u00e7\u00e3o Legislativa de autoria do<\/p>\n","protected":false},"author":2,"featured_media":70709,"comment_status":"open","ping_status":"open","sticky":false,"template":"","format":"standard","meta":{"footnotes":""},"categories":[12],"tags":[],"class_list":["post-99152","post","type-post","status-publish","format-standard","has-post-thumbnail","hentry","category-cidade"],"_links":{"self":[{"href":"https:\/\/tvc16.com\/portal\/wp-json\/wp\/v2\/posts\/99152","targetHints":{"allow":["GET"]}}],"collection":[{"href":"https:\/\/tvc16.com\/portal\/wp-json\/wp\/v2\/posts"}],"about":[{"href":"https:\/\/tvc16.com\/portal\/wp-json\/wp\/v2\/types\/post"}],"author":[{"embeddable":true,"href":"https:\/\/tvc16.com\/portal\/wp-json\/wp\/v2\/users\/2"}],"replies":[{"embeddable":true,"href":"https:\/\/tvc16.com\/portal\/wp-json\/wp\/v2\/comments?post=99152"}],"version-history":[{"count":2,"href":"https:\/\/tvc16.com\/portal\/wp-json\/wp\/v2\/posts\/99152\/revisions"}],"predecessor-version":[{"id":99191,"href":"https:\/\/tvc16.com\/portal\/wp-json\/wp\/v2\/posts\/99152\/revisions\/99191"}],"wp:featuredmedia":[{"embeddable":true,"href":"https:\/\/tvc16.com\/portal\/wp-json\/wp\/v2\/media\/70709"}],"wp:attachment":[{"href":"https:\/\/tvc16.com\/portal\/wp-json\/wp\/v2\/media?parent=99152"}],"wp:term":[{"taxonomy":"category","embeddable":true,"href":"https:\/\/tvc16.com\/portal\/wp-json\/wp\/v2\/categories?post=99152"},{"taxonomy":"post_tag","embeddable":true,"href":"https:\/\/tvc16.com\/portal\/wp-json\/wp\/v2\/tags?post=99152"}],"curies":[{"name":"wp","href":"https:\/\/api.w.org\/{rel}","templated":true}]}}