{"id":99166,"date":"2025-02-16T13:00:00","date_gmt":"2025-02-16T16:00:00","guid":{"rendered":"https:\/\/tvc16.com\/portal\/?p=99166"},"modified":"2025-02-14T22:24:19","modified_gmt":"2025-02-15T01:24:19","slug":"aguas-do-imperador-realiza-interligacao-de-redes-em-correas-na-segunda-feira-17","status":"publish","type":"post","link":"https:\/\/tvc16.com\/portal\/2025\/02\/16\/aguas-do-imperador-realiza-interligacao-de-redes-em-correas-na-segunda-feira-17\/","title":{"rendered":"\u00c1guas do Imperador realiza interliga\u00e7\u00e3o de redes em Corr\u00eaas na segunda-feira (17)"},"content":{"rendered":"\n<p><em>Algumas ruas da regi\u00e3o ter\u00e3o abastecimento interrompido temporariamente<\/em><\/p>\n\n\n\n<p>\u00c1guas do Imperador vai realizar, na pr\u00f3xima segunda-feira (17\/02), uma obra para interliga\u00e7\u00e3o de redes na Rua Dr. Agostinho Goul\u00e3o, em Corr\u00eaas, na subida para o Bonfim. Os trabalhos ser\u00e3o realizados das 7h \u00e0s 15h, per\u00edodo em que o tr\u00e2nsito no local funcionar\u00e1 no sistema pare e siga. Devido \u00e0 interven\u00e7\u00e3o, o abastecimento de \u00e1gua ser\u00e1 temporariamente interrompido em algumas ruas da regi\u00e3o, com previs\u00e3o de retomada gradativa a partir das 15h.<\/p>\n\n\n\n<p>A interliga\u00e7\u00e3o de rede faz parte das obras da adutora Carvalho J\u00fanior, que ser\u00e1 conectada aos sistemas Araras e Bonfim, com o objetivo aumentar a seguran\u00e7a h\u00eddrica e ampliar o volume de \u00e1gua distribu\u00eddo para a regi\u00e3o. \u00c1guas do Imperador recomenda que os moradores fa\u00e7am o uso consciente da \u00e1gua durante o per\u00edodo da obra.<\/p>\n\n\n\n<p>Ruas que ter\u00e3o abastecimento interrompido: Rua Castro Alves, Rua Princesa Dona Paula, Rua Alvares de Azevedo, Rua Condessa Barbosa, Rua Jo\u00e3o Ramos, Rua Miguel Percia, Rua Antonio Flor<\/p>\n","protected":false},"excerpt":{"rendered":"<p>Algumas ruas da regi\u00e3o ter\u00e3o abastecimento interrompido temporariamente \u00c1guas do Imperador vai realizar, na pr\u00f3xima<\/p>\n","protected":false},"author":2,"featured_media":99167,"comment_status":"open","ping_status":"open","sticky":false,"template":"","format":"standard","meta":{"footnotes":""},"categories":[12],"tags":[],"class_list":["post-99166","post","type-post","status-publish","format-standard","has-post-thumbnail","hentry","category-cidade"],"_links":{"self":[{"href":"https:\/\/tvc16.com\/portal\/wp-json\/wp\/v2\/posts\/99166","targetHints":{"allow":["GET"]}}],"collection":[{"href":"https:\/\/tvc16.com\/portal\/wp-json\/wp\/v2\/posts"}],"about":[{"href":"https:\/\/tvc16.com\/portal\/wp-json\/wp\/v2\/types\/post"}],"author":[{"embeddable":true,"href":"https:\/\/tvc16.com\/portal\/wp-json\/wp\/v2\/users\/2"}],"replies":[{"embeddable":true,"href":"https:\/\/tvc16.com\/portal\/wp-json\/wp\/v2\/comments?post=99166"}],"version-history":[{"count":1,"href":"https:\/\/tvc16.com\/portal\/wp-json\/wp\/v2\/posts\/99166\/revisions"}],"predecessor-version":[{"id":99168,"href":"https:\/\/tvc16.com\/portal\/wp-json\/wp\/v2\/posts\/99166\/revisions\/99168"}],"wp:featuredmedia":[{"embeddable":true,"href":"https:\/\/tvc16.com\/portal\/wp-json\/wp\/v2\/media\/99167"}],"wp:attachment":[{"href":"https:\/\/tvc16.com\/portal\/wp-json\/wp\/v2\/media?parent=99166"}],"wp:term":[{"taxonomy":"category","embeddable":true,"href":"https:\/\/tvc16.com\/portal\/wp-json\/wp\/v2\/categories?post=99166"},{"taxonomy":"post_tag","embeddable":true,"href":"https:\/\/tvc16.com\/portal\/wp-json\/wp\/v2\/tags?post=99166"}],"curies":[{"name":"wp","href":"https:\/\/api.w.org\/{rel}","templated":true}]}}