{"id":9917,"date":"2021-01-28T06:49:25","date_gmt":"2021-01-28T09:49:25","guid":{"rendered":"https:\/\/tvc16.com\/portal\/?p=9917"},"modified":"2021-01-28T06:49:26","modified_gmt":"2021-01-28T09:49:26","slug":"defensoria-buscas-de-criancas-devem-continuar-ate-a-descoberta-dos-paradeiros","status":"publish","type":"post","link":"https:\/\/tvc16.com\/portal\/2021\/01\/28\/defensoria-buscas-de-criancas-devem-continuar-ate-a-descoberta-dos-paradeiros\/","title":{"rendered":"Defensoria: buscas de crian\u00e7as devem continuar at\u00e9 a descoberta dos paradeiros"},"content":{"rendered":"\n<p><br>Defensoras(es) do N\u00facleo de Defesa dos Direitos Humanos (Nudedh) da Defensoria P\u00fablica do Rio estiveram nesta tarde em Belford Roxo com duas das tr\u00eas m\u00e3es das crian\u00e7as desaparecidas na cidade desde dezembro. Um dos assuntos tratados foi o compromisso de pressionar as autoridades policiais para que as buscas n\u00e3o sejam interrompidas at\u00e9 o descobrimento do paradeiro dos meninos ou de seus corpos, como determina a lei. A reuni\u00e3o teve a participa\u00e7\u00e3o tamb\u00e9m de representantes da Ordem dos Advogados do Brasil (OAB), da Secretaria Municipal de Assist\u00eancia Social e da Comiss\u00e3o de Direitos Humanos da Alerj &#8211; que informou que vai se empenhar em realizar um encontro das m\u00e3es com o governador em exerc\u00edcio, Cl\u00e1udio Castro.\u00a0<\/p>\n\n\n\n<p>As m\u00e3es tamb\u00e9m ser\u00e3o atendidas por psic\u00f3logas da Secretaria de Assist\u00eancia Social, cuja intermedia\u00e7\u00e3o com as fam\u00edlias foi provocada pela equipe t\u00e9cnica da Defensoria.\u00a0Segundo a defensora p\u00fablica do Nudedh, Gislaine Kepe, as m\u00e3es foram orientadas juridicamente sobre o caso e informadas em detalhes sobre como andam as investiga\u00e7\u00f5es da pol\u00edcia.\u00a0\u00a0Est\u00e1 previsto para as pr\u00f3ximas semanas o resultado da confronta\u00e7\u00e3o do c\u00f3digo gen\u00e9tico das m\u00e3es em rela\u00e7\u00e3o ao sangue encontrado nas roupas que foram levadas para a delegacia, onde os defensores do Nudedh tamb\u00e9m estiveram antes da reuni\u00e3o na sede do N\u00facleo em Belford Roxo, obtendo informa\u00e7\u00f5es com o delegado Uriel Alc\u00e2ntara.<\/p>\n","protected":false},"excerpt":{"rendered":"<p>Defensoras(es) do N\u00facleo de Defesa dos Direitos Humanos (Nudedh) da Defensoria P\u00fablica do Rio estiveram<\/p>\n","protected":false},"author":2,"featured_media":9918,"comment_status":"open","ping_status":"open","sticky":false,"template":"","format":"standard","meta":{"footnotes":""},"categories":[17],"tags":[],"class_list":["post-9917","post","type-post","status-publish","format-standard","has-post-thumbnail","hentry","category-outras-noticias"],"_links":{"self":[{"href":"https:\/\/tvc16.com\/portal\/wp-json\/wp\/v2\/posts\/9917","targetHints":{"allow":["GET"]}}],"collection":[{"href":"https:\/\/tvc16.com\/portal\/wp-json\/wp\/v2\/posts"}],"about":[{"href":"https:\/\/tvc16.com\/portal\/wp-json\/wp\/v2\/types\/post"}],"author":[{"embeddable":true,"href":"https:\/\/tvc16.com\/portal\/wp-json\/wp\/v2\/users\/2"}],"replies":[{"embeddable":true,"href":"https:\/\/tvc16.com\/portal\/wp-json\/wp\/v2\/comments?post=9917"}],"version-history":[{"count":1,"href":"https:\/\/tvc16.com\/portal\/wp-json\/wp\/v2\/posts\/9917\/revisions"}],"predecessor-version":[{"id":9919,"href":"https:\/\/tvc16.com\/portal\/wp-json\/wp\/v2\/posts\/9917\/revisions\/9919"}],"wp:featuredmedia":[{"embeddable":true,"href":"https:\/\/tvc16.com\/portal\/wp-json\/wp\/v2\/media\/9918"}],"wp:attachment":[{"href":"https:\/\/tvc16.com\/portal\/wp-json\/wp\/v2\/media?parent=9917"}],"wp:term":[{"taxonomy":"category","embeddable":true,"href":"https:\/\/tvc16.com\/portal\/wp-json\/wp\/v2\/categories?post=9917"},{"taxonomy":"post_tag","embeddable":true,"href":"https:\/\/tvc16.com\/portal\/wp-json\/wp\/v2\/tags?post=9917"}],"curies":[{"name":"wp","href":"https:\/\/api.w.org\/{rel}","templated":true}]}}