{"id":99173,"date":"2025-02-16T11:00:00","date_gmt":"2025-02-16T14:00:00","guid":{"rendered":"https:\/\/tvc16.com\/portal\/?p=99173"},"modified":"2025-02-14T22:14:51","modified_gmt":"2025-02-15T01:14:51","slug":"petropolis-da-o-primeiro-passo-para-fortalecer-seu-ecossistema-local-de-inovacao","status":"publish","type":"post","link":"https:\/\/tvc16.com\/portal\/2025\/02\/16\/petropolis-da-o-primeiro-passo-para-fortalecer-seu-ecossistema-local-de-inovacao\/","title":{"rendered":"Petr\u00f3polis d\u00e1 o primeiro passo para fortalecer seu Ecossistema Local de Inova\u00e7\u00e3o"},"content":{"rendered":"\n<p>A Associa\u00e7\u00e3o Comercial e Empresarial de Petr\u00f3polis (ACEP) sediou a primeira reuni\u00e3o de coopera\u00e7\u00e3o do Ecossistema Local de Inova\u00e7\u00e3o de Petr\u00f3polis (ELI), iniciativa proposta pelo SEBRAE no munic\u00edpio. O encontro reuniu representantes de diversas institui\u00e7\u00f5es para definir estrat\u00e9gias e estruturar planos de a\u00e7\u00e3o que impulsionem a inova\u00e7\u00e3o e o empreendedorismo na cidade.<\/p>\n\n\n\n<p>O Ecossistema Local de Inova\u00e7\u00e3o tem como objetivo fomentar o empreendedorismo inovador, promovendo projetos e iniciativas que estimulem novas ideias de neg\u00f3cios. A proposta busca fortalecer empresas locais, tornando-as mais competitivas e contribuindo para o desenvolvimento econ\u00f4mico sustent\u00e1vel do munic\u00edpio. Al\u00e9m disso, o programa cria um ambiente prop\u00edcio para que empres\u00e1rios e empreendedores colaborem na cria\u00e7\u00e3o de startups e neg\u00f3cios inovadores, consolidando um ecossistema fortalecido.<\/p>\n\n\n\n<p>Participaram desse primeiro encontro Roberto Musser, diretor de inova\u00e7\u00e3o e novos neg\u00f3cios da ACEP; Juliano Maia, agente local de inova\u00e7\u00e3o do SEBRAE; Guilherme Ferreira, empres\u00e1rio; Felipe Henriques, diretor do CEFET; e Tales Gomes, diretor de Ci\u00eancia e Tecnologia da Secretaria de Desenvolvimento Econ\u00f4mico de Petr\u00f3polis. Na ocasi\u00e3o, foram definidas as duas primeiras a\u00e7\u00f5es do grupo: a escolha de um nome para o projeto ELI no munic\u00edpio e o estabelecimento de um cronograma para as reuni\u00f5es do grupo de governan\u00e7a.<\/p>\n\n\n\n<p>\u201cO ELI \u00e9 uma iniciativa do SEBRAE e surge em um momento de reposicionamento da ACEP no cen\u00e1rio de inova\u00e7\u00e3o de Petr\u00f3polis. Esse \u00e9 o in\u00edcio de uma jornada coletiva, na qual a Associa\u00e7\u00e3o atuar\u00e1 junto com os demais parceiros para dar voz \u00e0s necessidades e anseios da cidade por um futuro pautado no desenvolvimento sustent\u00e1vel\u201d, afirmou Roberto Musser.<\/p>\n\n\n\n<p>A pr\u00f3xima reuni\u00e3o est\u00e1 marcada para dia 26 de mar\u00e7o, \u00e0s 9h, na sede da ACEP, e contar\u00e1 com a participa\u00e7\u00e3o de todos os membros para a apresenta\u00e7\u00e3o dos primeiros passos do plano de a\u00e7\u00e3o.<\/p>\n","protected":false},"excerpt":{"rendered":"<p>A Associa\u00e7\u00e3o Comercial e Empresarial de Petr\u00f3polis (ACEP) sediou a primeira reuni\u00e3o de coopera\u00e7\u00e3o do<\/p>\n","protected":false},"author":2,"featured_media":99174,"comment_status":"open","ping_status":"open","sticky":false,"template":"","format":"standard","meta":{"footnotes":""},"categories":[12],"tags":[],"class_list":["post-99173","post","type-post","status-publish","format-standard","has-post-thumbnail","hentry","category-cidade"],"_links":{"self":[{"href":"https:\/\/tvc16.com\/portal\/wp-json\/wp\/v2\/posts\/99173","targetHints":{"allow":["GET"]}}],"collection":[{"href":"https:\/\/tvc16.com\/portal\/wp-json\/wp\/v2\/posts"}],"about":[{"href":"https:\/\/tvc16.com\/portal\/wp-json\/wp\/v2\/types\/post"}],"author":[{"embeddable":true,"href":"https:\/\/tvc16.com\/portal\/wp-json\/wp\/v2\/users\/2"}],"replies":[{"embeddable":true,"href":"https:\/\/tvc16.com\/portal\/wp-json\/wp\/v2\/comments?post=99173"}],"version-history":[{"count":1,"href":"https:\/\/tvc16.com\/portal\/wp-json\/wp\/v2\/posts\/99173\/revisions"}],"predecessor-version":[{"id":99175,"href":"https:\/\/tvc16.com\/portal\/wp-json\/wp\/v2\/posts\/99173\/revisions\/99175"}],"wp:featuredmedia":[{"embeddable":true,"href":"https:\/\/tvc16.com\/portal\/wp-json\/wp\/v2\/media\/99174"}],"wp:attachment":[{"href":"https:\/\/tvc16.com\/portal\/wp-json\/wp\/v2\/media?parent=99173"}],"wp:term":[{"taxonomy":"category","embeddable":true,"href":"https:\/\/tvc16.com\/portal\/wp-json\/wp\/v2\/categories?post=99173"},{"taxonomy":"post_tag","embeddable":true,"href":"https:\/\/tvc16.com\/portal\/wp-json\/wp\/v2\/tags?post=99173"}],"curies":[{"name":"wp","href":"https:\/\/api.w.org\/{rel}","templated":true}]}}