{"id":99179,"date":"2025-02-14T11:36:39","date_gmt":"2025-02-14T14:36:39","guid":{"rendered":"https:\/\/tvc16.com\/portal\/?p=99179"},"modified":"2025-02-14T11:36:41","modified_gmt":"2025-02-14T14:36:41","slug":"bomtempo-nao-concluiu-obras-da-tragedia-de-2022","status":"publish","type":"post","link":"https:\/\/tvc16.com\/portal\/2025\/02\/14\/bomtempo-nao-concluiu-obras-da-tragedia-de-2022\/","title":{"rendered":"Bomtempo n\u00e3o concluiu obras da trag\u00e9dia de 2022"},"content":{"rendered":"\n<p><em>Por Richard Stoltzenburg \/ Foto: Thiago Alvarez\/CM<\/em><\/p>\n\n\n\n<p>Neste s\u00e1bado, 15 de fevereiro, completam tr\u00eas anos da maior trag\u00e9dia socioambiental de Petr\u00f3polis, e que deixou 235 mortes e dois desaparecidos, mas al\u00e9m disso, marcas que n\u00e3o sair\u00e3o da mem\u00f3ria de quem passou por aquele fat\u00eddico dia. O primeiro distrito foi o alvo de 259,8 mm de chuva e que deixou as localidades Alto da Serra, Vila Felipe, Ch\u00e1cara Flora, Sargento Boening, Castel\u00e2nea, Rua Teresa, Caxambu e centro, irreconhecivies.<\/p>\n\n\n\n<p>A dimens\u00e3o do desastre foi sendo notado ao baixar das \u00e1guas&#8230; corpos agarrados entre troncos e pontes, em frente ao Obelisco, carros, \u00f4nibus arrastados, amultuados como papel. Um cen\u00e1rio de guerra! Mas a propor\u00e7\u00e3o definitiva do que tinha acontecido, s\u00f3 foi poss\u00edvel no dia seguinte.<\/p>\n\n\n\n<p>De acordo com a Defesa Civil de Petr\u00f3polis, foram 10,7 mil ocorr\u00eancias registradas e alguns locais ainda apresentam cen\u00e1rios similares, mesmo ap\u00f3s tr\u00eas anos. O local mais afetado foi o Morro da Oficina, na regi\u00e3o do Alto da Serra, em que 93 pessoas morreram e foi o epicentro da trag\u00e9dia. Hodiernamente obras ainda s\u00e3o realizadas no local. A equipe do Correio Petropolitano visitou o espa\u00e7o e ainda nota que itens, objetos pessoais das v\u00edtimas, continuam no mesmo lugar.<\/p>\n\n\n\n<p>As obras do Morro da Oficina s\u00e3o realizadas por meio de um empr\u00e9stimo da prefeitura, durante a gest\u00e3o Bomtempo, com a Caixa Econ\u00f4mica Federal e or\u00e7adas em mais de R$ 80 milh\u00f5es. As obras da no Morro da Oficina foram divididas em tr\u00eas etapas \u00e1reas: \u00e1rea 1 (entre o Hipershopping e a Rua Herc\u00edlia Moret), \u00e1rea 2 (entre as ruas Professora Herc\u00edlia Moret e Frei Le\u00e3o) e \u00e1rea 3 (do in\u00edcio da Rua Frei Le\u00e3o at\u00e9 a Rua Oswero Vila\u00e7a). A entrega das interven\u00e7\u00f5es est\u00e1 atrasa.<\/p>\n\n\n\n<p>Contudo, n\u00e3o \u00e9 o \u00fanico local em que os resqu\u00edcios permanecem. No Vila Felipe e Caxambu e casas atingidas se camuflam em meio a vegeta\u00e7\u00e3o que cresce ao redor. Segundo a prefeitura de Petr\u00f3polis, das obras de 2022, ou seja, iniciadas durante a \u00faltima gest\u00e3o, 20% ainda precisam ser conclu\u00eddas.<\/p>\n\n\n\n<p>O Governo do Estado tamb\u00e9m auxiliou com envio de equipamentos e foi respons\u00e1vel por parte das obras da cidade. Entre elas da Rua Nova, Cond&#8217;eu, Rua Olavo Bilac e do T\u00fanel Extravasor, no Quissam\u00e3. Segundo a Secretaria de Infraestrutura e Obras P\u00fablicas do Estado, as obras est\u00e3o em reta final e passam de 90% de conclus\u00e3o. Foram R$ 282,9 milh\u00f5es em investimentos, ap\u00f3s as chuvas de 2022. Na Avenida Portugal, onde foram feitas obras de conten\u00e7\u00e3o, recupera\u00e7\u00e3o da cobertura vegetal do morro e drenagem, os moradores se sentem mais seguros ao passar pela rua. A Avenida Washington Luiz recebeu obras para garantir o tr\u00e1fego de motoristas e pedestres. Nesse trecho, foram R$ 54,9 milh\u00f5es na recupera\u00e7\u00e3o da canaliza\u00e7\u00e3o do Rio Quitandinha, com a constru\u00e7\u00e3o de uma conten\u00e7\u00e3o de encostas e a reconstru\u00e7\u00e3o de cal\u00e7adas e pavimenta\u00e7\u00e3o da via.<\/p>\n\n\n\n<p>Por\u00e9m , moradores da Rua Nova temem novas ocorr\u00eancias de deslizamento na localidade. Em dezembro do ano passado, realizaram uma manifesta\u00e7\u00e3o cobrando uma medida para garantir a seguran\u00e7a no local. A obras j\u00e1 tinha sido algo de den\u00fancia em 2024, quando em janeiro o MPRJ ajuizou uma a\u00e7\u00e3o civil publica para complementa\u00e7\u00e3o das obras na Rua Ant\u00f4nio Soares Pinto.<\/p>\n\n\n\n<p><strong>Pol\u00edtica habitacional<\/strong><\/p>\n\n\n\n<p>Apesar das interven\u00e7\u00f5es paliativas, a cidade ainda precisa de novas obras de preven\u00e7\u00e3o. De acordo com o mapa de risco geol\u00f3gico de Petr\u00f3polis, produzido pelo Departamento de Recursos Minerais do Estado do Rio de Janeiro (DRM-RJ), 15.168 casas est\u00e3o em locais de risco. O estudo apontou 1.755 setores de risco. Al\u00e9m desses \u00edndices cerca de tr\u00eas mil fam\u00edlias atingidas por diferentes trag\u00e9dias socioambientais na cidade, ainda aguardam por um novo lar. Segundo Cl\u00e1udia Renata, l\u00edder do Movimento Aluguel e Moradia de Petr\u00f3polis, muito ainda precisa ser feito. &#8220;Infelizmente n\u00e3o temos um plano habitacional e faltou muito isso nos \u00faltimos 30 anos. Sabemos do relevo de Petr\u00f3polis e hoje o programa Minha Casa Minha Vida \u00e9 voltado mais para as fam\u00edlias atingidas e \u00e9 preciso que seja ampliado, pois muitos pagam aluguel e moram em locais de risco. Al\u00e9m disso, da conscientiza\u00e7\u00e3o das pessoas, em conjunto com a\u00e7\u00f5es de educa\u00e7\u00e3o ambiental&#8221;, explica.<\/p>\n\n\n\n<p><strong>Iniciativas da Nova Gest\u00e3o<\/strong><\/p>\n\n\n\n<p>Com investimento de R$30 milh\u00f5es, no dia 30 de janeiro deste ano, o contrato que deve garantir a constru\u00e7\u00e3o de 140 novas moradias no bairro Mosela. A previs\u00e3o \u00e9 que as interven\u00e7\u00f5es sejam finalizadas at\u00e9 o fim do primeiro semestre de 2027. O contrato foi firmado entre o munic\u00edpio, Estado e Caixa Econ\u00f4mica Federal. &#8220;Essa \u00e9 a primeira vez, das cinco que j\u00e1 anunciaram, que a assinatura \u00e9 realizada aqui em Petr\u00f3polis. Estamos ainda aguardando tamb\u00e9m unidades para o Benfica e Cuiab\u00e1&#8221;, completa Cl\u00e1udia Renata, que tamb\u00e9m participou da solenidade e assinou o contrato.<\/p>\n\n\n\n<p>Apesar de alguns avan\u00e7os, o dia 15 de fevereiro de 2022 apresentou uma nova realidade para os petropolitanos e a necessidade emergente de se buscar por parcerias e a\u00e7\u00f5es para preven\u00e7\u00e3o da cidade.<\/p>\n","protected":false},"excerpt":{"rendered":"<p>Por Richard Stoltzenburg \/ Foto: Thiago Alvarez\/CM Neste s\u00e1bado, 15 de fevereiro, completam tr\u00eas anos<\/p>\n","protected":false},"author":2,"featured_media":99180,"comment_status":"open","ping_status":"open","sticky":false,"template":"","format":"standard","meta":{"footnotes":""},"categories":[12],"tags":[],"class_list":["post-99179","post","type-post","status-publish","format-standard","has-post-thumbnail","hentry","category-cidade"],"_links":{"self":[{"href":"https:\/\/tvc16.com\/portal\/wp-json\/wp\/v2\/posts\/99179","targetHints":{"allow":["GET"]}}],"collection":[{"href":"https:\/\/tvc16.com\/portal\/wp-json\/wp\/v2\/posts"}],"about":[{"href":"https:\/\/tvc16.com\/portal\/wp-json\/wp\/v2\/types\/post"}],"author":[{"embeddable":true,"href":"https:\/\/tvc16.com\/portal\/wp-json\/wp\/v2\/users\/2"}],"replies":[{"embeddable":true,"href":"https:\/\/tvc16.com\/portal\/wp-json\/wp\/v2\/comments?post=99179"}],"version-history":[{"count":1,"href":"https:\/\/tvc16.com\/portal\/wp-json\/wp\/v2\/posts\/99179\/revisions"}],"predecessor-version":[{"id":99181,"href":"https:\/\/tvc16.com\/portal\/wp-json\/wp\/v2\/posts\/99179\/revisions\/99181"}],"wp:featuredmedia":[{"embeddable":true,"href":"https:\/\/tvc16.com\/portal\/wp-json\/wp\/v2\/media\/99180"}],"wp:attachment":[{"href":"https:\/\/tvc16.com\/portal\/wp-json\/wp\/v2\/media?parent=99179"}],"wp:term":[{"taxonomy":"category","embeddable":true,"href":"https:\/\/tvc16.com\/portal\/wp-json\/wp\/v2\/categories?post=99179"},{"taxonomy":"post_tag","embeddable":true,"href":"https:\/\/tvc16.com\/portal\/wp-json\/wp\/v2\/tags?post=99179"}],"curies":[{"name":"wp","href":"https:\/\/api.w.org\/{rel}","templated":true}]}}