{"id":99192,"date":"2025-02-15T10:00:00","date_gmt":"2025-02-15T13:00:00","guid":{"rendered":"https:\/\/tvc16.com\/portal\/?p=99192"},"modified":"2025-02-14T20:50:28","modified_gmt":"2025-02-14T23:50:28","slug":"policia-civil-prende-em-minas-gerais-foragido-por-tentativa-de-homicidio-contra-amigo-em-sapucaia","status":"publish","type":"post","link":"https:\/\/tvc16.com\/portal\/2025\/02\/15\/policia-civil-prende-em-minas-gerais-foragido-por-tentativa-de-homicidio-contra-amigo-em-sapucaia\/","title":{"rendered":"Pol\u00edcia Civil prende em Minas Gerais foragido por tentativa de homic\u00eddio contra amigo em Sapucaia"},"content":{"rendered":"\n<p>Policiais civis da 109\u00aa Delegacia de Pol\u00edcia de Sapucaia prenderam em Merc\u00eas, Minas Gerais, um homem foragido pelo crime de tentativa de homic\u00eddio contra o amigo. Ele \u00e9 acusado de esfaquear o colega ap\u00f3s discuss\u00e3o em uma festa.<\/p>\n\n\n\n<p>De acordo com as investiga\u00e7\u00f5es, em dezembro do ano passado, o homem retornou a pr\u00f3pria casa, pegou uma faca e, no espa\u00e7o da festa, desferiu golpes contra o amigo. O crime ocorreu ap\u00f3s um desentendimento entre os dois. A a\u00e7\u00e3o foi interrompida por outros colegas que estavam no local.<\/p>\n\n\n\n<p>Segundo os agentes, ap\u00f3s a situa\u00e7\u00e3o, o acusado fugiu para outra cidade, onde passou a se esconder da pol\u00edcia. Ele foi capturado, por\u00e9m, e conduzido \u00e0 delegacia. Contra o autor, os agentes cumpriram mandado de pris\u00e3o preventiva pelo crime.<\/p>\n","protected":false},"excerpt":{"rendered":"<p>Policiais civis da 109\u00aa Delegacia de Pol\u00edcia de Sapucaia prenderam em Merc\u00eas, Minas Gerais, um<\/p>\n","protected":false},"author":2,"featured_media":99193,"comment_status":"open","ping_status":"open","sticky":false,"template":"","format":"standard","meta":{"footnotes":""},"categories":[17],"tags":[],"class_list":["post-99192","post","type-post","status-publish","format-standard","has-post-thumbnail","hentry","category-outras-noticias"],"_links":{"self":[{"href":"https:\/\/tvc16.com\/portal\/wp-json\/wp\/v2\/posts\/99192","targetHints":{"allow":["GET"]}}],"collection":[{"href":"https:\/\/tvc16.com\/portal\/wp-json\/wp\/v2\/posts"}],"about":[{"href":"https:\/\/tvc16.com\/portal\/wp-json\/wp\/v2\/types\/post"}],"author":[{"embeddable":true,"href":"https:\/\/tvc16.com\/portal\/wp-json\/wp\/v2\/users\/2"}],"replies":[{"embeddable":true,"href":"https:\/\/tvc16.com\/portal\/wp-json\/wp\/v2\/comments?post=99192"}],"version-history":[{"count":1,"href":"https:\/\/tvc16.com\/portal\/wp-json\/wp\/v2\/posts\/99192\/revisions"}],"predecessor-version":[{"id":99194,"href":"https:\/\/tvc16.com\/portal\/wp-json\/wp\/v2\/posts\/99192\/revisions\/99194"}],"wp:featuredmedia":[{"embeddable":true,"href":"https:\/\/tvc16.com\/portal\/wp-json\/wp\/v2\/media\/99193"}],"wp:attachment":[{"href":"https:\/\/tvc16.com\/portal\/wp-json\/wp\/v2\/media?parent=99192"}],"wp:term":[{"taxonomy":"category","embeddable":true,"href":"https:\/\/tvc16.com\/portal\/wp-json\/wp\/v2\/categories?post=99192"},{"taxonomy":"post_tag","embeddable":true,"href":"https:\/\/tvc16.com\/portal\/wp-json\/wp\/v2\/tags?post=99192"}],"curies":[{"name":"wp","href":"https:\/\/api.w.org\/{rel}","templated":true}]}}