{"id":99198,"date":"2025-02-15T14:00:00","date_gmt":"2025-02-15T17:00:00","guid":{"rendered":"https:\/\/tvc16.com\/portal\/?p=99198"},"modified":"2025-02-14T21:03:20","modified_gmt":"2025-02-15T00:03:20","slug":"stf-mantem-descriminalizacao-do-porte-de-maconha-para-uso-pessoal","status":"publish","type":"post","link":"https:\/\/tvc16.com\/portal\/2025\/02\/15\/stf-mantem-descriminalizacao-do-porte-de-maconha-para-uso-pessoal\/","title":{"rendered":"STF mant\u00e9m descriminaliza\u00e7\u00e3o do porte de maconha para uso pessoal"},"content":{"rendered":"\n<p>Quantia de 40 gramas diferencia usu\u00e1rios de traficantes da droga<a href=\"https:\/\/api.whatsapp.com\/send?text=STF+mant%C3%A9m+descriminaliza%C3%A7%C3%A3o+do+porte+de+maconha+para+uso+pessoal+%7C+Ag%C3%AAncia+Brasil+%7C+Ag%C3%AAncia+Brasil+%7C+https%3A%2F%2Fagenciabrasil.ebc.com.br%2Fjustica%2Fnoticia%2F2025-02%2Fstf-mantem-descriminalizacao-do-porte-de-maconha-para-uso-pessoal\" target=\"_blank\" rel=\"noreferrer noopener\"><\/a><a href=\"https:\/\/facebook.com\/sharer.php?u=https%3A%2F%2Fagenciabrasil.ebc.com.br%2Fjustica%2Fnoticia%2F2025-02%2Fstf-mantem-descriminalizacao-do-porte-de-maconha-para-uso-pessoal&amp;t=STF+mant%C3%A9m+descriminaliza%C3%A7%C3%A3o+do+porte+de+maconha+para+uso+pessoal+%7C+Ag%C3%AAncia+Brasil\" target=\"_blank\" rel=\"noreferrer noopener\"><\/a><a href=\"https:\/\/twitter.com\/intent\/tweet?url=https%3A%2F%2Fagenciabrasil.ebc.com.br%2Fjustica%2Fnoticia%2F2025-02%2Fstf-mantem-descriminalizacao-do-porte-de-maconha-para-uso-pessoal&amp;text=STF+mant%C3%A9m+descriminaliza%C3%A7%C3%A3o+do+porte+de+maconha+para+uso+pessoal+%7C+Ag%C3%AAncia+Brasil\" target=\"_blank\" rel=\"noreferrer noopener\"><\/a><a href=\"https:\/\/www.linkedin.com\/shareArticle?url=https%3A%2F%2Fagenciabrasil.ebc.com.br%2Fjustica%2Fnoticia%2F2025-02%2Fstf-mantem-descriminalizacao-do-porte-de-maconha-para-uso-pessoal&amp;summary=STF+mant%C3%A9m+descriminaliza%C3%A7%C3%A3o+do+porte+de+maconha+para+uso+pessoal+%7C+Ag%C3%AAncia+Brasil\" target=\"_blank\" rel=\"noreferrer noopener\"><\/a><\/p>\n\n\n\n<p>A maioria dos ministros do Supremo Tribunal Federal (STF) decidiu nesta sexta-feira (14) manter a \u00edntegra da decis\u00e3o da Corte que descriminalizou o porte de maconha para uso pessoal e fixou a quantia de 40 gramas para diferenciar usu\u00e1rios de traficantes.<img decoding=\"async\" src=\"https:\/\/agenciabrasil.ebc.com.br\/ebc.png?id=1630465&amp;o=node\"><img decoding=\"async\" src=\"https:\/\/agenciabrasil.ebc.com.br\/ebc.gif?id=1630465&amp;o=node\"><\/p>\n\n\n\n<p>O Supremo julga, no plen\u00e1rio virtual, recursos protocolados pela Defensoria P\u00fablica e pelo Minist\u00e9rio P\u00fablico de S\u00e3o Paulo para esclarecer o resultado do julgamento, que foi finalizado em julho do ano passado.<\/p>\n\n\n\n<p>At\u00e9 o momento, oito ministros seguiram o voto do relator, ministro Gilmar Mendes. Na semana passada, no in\u00edcio do julgamento virtual, o relator votou pela\u00a0rejei\u00e7\u00e3o dos recursos.<\/p>\n\n\n\n<p>Al\u00e9m de Mendes, os ministros Alexandre de Moraes, C\u00e1rmen L\u00facia, Fl\u00e1vio Dino, Edson Fachin, Andr\u00e9 Mendon\u00e7a, Luiz Fux e Cristiano Zanin votaram no mesmo sentido.&nbsp; A delibera\u00e7\u00e3o virtual ser\u00e1 encerrada \u00e0s 23h59.<\/p>\n\n\n\n<h2 class=\"wp-block-heading\">N\u00e3o legaliza<\/h2>\n\n\n\n<p>A decis\u00e3o do Supremo n\u00e3o legaliza o porte de maconha. &nbsp;O porte para uso pessoal continua como comportamento il\u00edcito, ou seja, permanece proibido fumar a droga em local p\u00fablico.<\/p>\n\n\n\n<p>O Supremo julgou a constitucionalidade do Artigo 28 da Lei de Drogas (Lei 11.343\/2006). Para diferenciar usu\u00e1rios e traficantes, a norma prev\u00ea penas alternativas de presta\u00e7\u00e3o de servi\u00e7os \u00e0 comunidade, advert\u00eancia sobre os efeitos das drogas e comparecimento obrigat\u00f3rio a curso educativo.<\/p>\n\n\n\n<p>&nbsp;A Corte manteve a validade da norma, mas entendeu que as consequ\u00eancias s\u00e3o administrativas, deixando de valer a possibilidade de cumprimento de presta\u00e7\u00e3o de servi\u00e7os comunit\u00e1rios.<\/p>\n\n\n\n<p>&nbsp;A advert\u00eancia e presen\u00e7a obrigat\u00f3ria em curso educativo foram mantidas e dever\u00e3o ser aplicadas pela Justi\u00e7a em procedimentos administrativos, sem repercuss\u00e3o penal.<\/p>\n\n\n\n<p>Por Andr\u00e9 Richter \u2013 Rep\u00f3rter da Ag\u00eancia Brasil<\/p>\n\n\n\n<p>Foto Arquivo Ag\u00eancia Brasil<\/p>\n","protected":false},"excerpt":{"rendered":"<p>Quantia de 40 gramas diferencia usu\u00e1rios de traficantes da droga A maioria dos ministros do<\/p>\n","protected":false},"author":2,"featured_media":99199,"comment_status":"open","ping_status":"open","sticky":false,"template":"","format":"standard","meta":{"footnotes":""},"categories":[17],"tags":[],"class_list":["post-99198","post","type-post","status-publish","format-standard","has-post-thumbnail","hentry","category-outras-noticias"],"_links":{"self":[{"href":"https:\/\/tvc16.com\/portal\/wp-json\/wp\/v2\/posts\/99198","targetHints":{"allow":["GET"]}}],"collection":[{"href":"https:\/\/tvc16.com\/portal\/wp-json\/wp\/v2\/posts"}],"about":[{"href":"https:\/\/tvc16.com\/portal\/wp-json\/wp\/v2\/types\/post"}],"author":[{"embeddable":true,"href":"https:\/\/tvc16.com\/portal\/wp-json\/wp\/v2\/users\/2"}],"replies":[{"embeddable":true,"href":"https:\/\/tvc16.com\/portal\/wp-json\/wp\/v2\/comments?post=99198"}],"version-history":[{"count":1,"href":"https:\/\/tvc16.com\/portal\/wp-json\/wp\/v2\/posts\/99198\/revisions"}],"predecessor-version":[{"id":99200,"href":"https:\/\/tvc16.com\/portal\/wp-json\/wp\/v2\/posts\/99198\/revisions\/99200"}],"wp:featuredmedia":[{"embeddable":true,"href":"https:\/\/tvc16.com\/portal\/wp-json\/wp\/v2\/media\/99199"}],"wp:attachment":[{"href":"https:\/\/tvc16.com\/portal\/wp-json\/wp\/v2\/media?parent=99198"}],"wp:term":[{"taxonomy":"category","embeddable":true,"href":"https:\/\/tvc16.com\/portal\/wp-json\/wp\/v2\/categories?post=99198"},{"taxonomy":"post_tag","embeddable":true,"href":"https:\/\/tvc16.com\/portal\/wp-json\/wp\/v2\/tags?post=99198"}],"curies":[{"name":"wp","href":"https:\/\/api.w.org\/{rel}","templated":true}]}}