{"id":99206,"date":"2025-02-15T18:00:00","date_gmt":"2025-02-15T21:00:00","guid":{"rendered":"https:\/\/tvc16.com\/portal\/?p=99206"},"modified":"2025-02-14T21:16:15","modified_gmt":"2025-02-15T00:16:15","slug":"sus-oferece-nova-vacina-a-gestantes-contra-virus-respiratorio","status":"publish","type":"post","link":"https:\/\/tvc16.com\/portal\/2025\/02\/15\/sus-oferece-nova-vacina-a-gestantes-contra-virus-respiratorio\/","title":{"rendered":"SUS oferece nova vacina a gestantes contra v\u00edrus respirat\u00f3rio"},"content":{"rendered":"\n<p>Novo imunizante foi aprovado pelo Conitec<a href=\"https:\/\/api.whatsapp.com\/send?text=SUS+oferece+nova+vacina+a+gestantes+contra+v%C3%ADrus+respirat%C3%B3rio+%7C+Ag%C3%AAncia+Brasil+%7C+Ag%C3%AAncia+Brasil+%7C+https%3A%2F%2Fagenciabrasil.ebc.com.br%2Fsaude%2Fnoticia%2F2025-02%2Fsus-oferece-gestantes-nova-vacina-contra-virus-sincicial\" target=\"_blank\" rel=\"noreferrer noopener\"><\/a><a href=\"https:\/\/facebook.com\/sharer.php?u=https%3A%2F%2Fagenciabrasil.ebc.com.br%2Fsaude%2Fnoticia%2F2025-02%2Fsus-oferece-gestantes-nova-vacina-contra-virus-sincicial&amp;t=SUS+oferece+nova+vacina+a+gestantes+contra+v%C3%ADrus+respirat%C3%B3rio+%7C+Ag%C3%AAncia+Brasil\" target=\"_blank\" rel=\"noreferrer noopener\"><\/a><a href=\"https:\/\/twitter.com\/intent\/tweet?url=https%3A%2F%2Fagenciabrasil.ebc.com.br%2Fsaude%2Fnoticia%2F2025-02%2Fsus-oferece-gestantes-nova-vacina-contra-virus-sincicial&amp;text=SUS+oferece+nova+vacina+a+gestantes+contra+v%C3%ADrus+respirat%C3%B3rio+%7C+Ag%C3%AAncia+Brasil\" target=\"_blank\" rel=\"noreferrer noopener\"><\/a><a href=\"https:\/\/www.linkedin.com\/shareArticle?url=https%3A%2F%2Fagenciabrasil.ebc.com.br%2Fsaude%2Fnoticia%2F2025-02%2Fsus-oferece-gestantes-nova-vacina-contra-virus-sincicial&amp;summary=SUS+oferece+nova+vacina+a+gestantes+contra+v%C3%ADrus+respirat%C3%B3rio+%7C+Ag%C3%AAncia+Brasil\" target=\"_blank\" rel=\"noreferrer noopener\"><\/a><\/p>\n\n\n\n<p>O Sistema \u00danico de Sa\u00fade vai oferecer para as gestantes uma nova vacina&nbsp;capaz de proteger os beb\u00eas contra o v\u00edrus sincicial respirat\u00f3rio (VSR). A inclus\u00e3o do imunizante Abrysvo foi aprovada nesta quinta-feira (13) pela Comiss\u00e3o de Incorpora\u00e7\u00e3o de Tecnologias no SUS &#8211; Conitec.<img decoding=\"async\" src=\"https:\/\/agenciabrasil.ebc.com.br\/ebc.png?id=1630432&amp;o=node\"><img decoding=\"async\" src=\"https:\/\/agenciabrasil.ebc.com.br\/ebc.gif?id=1630432&amp;o=node\"><\/p>\n\n\n\n<p>Cabe ao Programa Nacional de Imuniza\u00e7\u00f5es, do Minist\u00e9rio da Sa\u00fade, planejar a forma e o&nbsp;calend\u00e1rio de vacina\u00e7\u00e3o.&nbsp;<\/p>\n\n\n\n<p>O v\u00edrus sincicial respirat\u00f3rio \u00e9 o maior causador da bronquiolite, inflama\u00e7\u00e3o dos bronqu\u00edolos, que s\u00e3o finas ramifica\u00e7\u00f5es que levam o oxig\u00eanio at\u00e9 os alv\u00e9olos dos pulm\u00f5es. A doen\u00e7a se manifesta de forma grave principalmente em crian\u00e7as de at\u00e9 dois anos, e tamb\u00e9m em idosos, causando dificuldade respirat\u00f3ria e podendo levar \u00e0 morte.&nbsp;<\/p>\n\n\n\n<p>De acordo com dados do \u00faltimo boletim Infogripe, da Fiocruz, neste ano foram registrados 370 casos confirmados de S\u00edndrome Respirat\u00f3ria Aguda Grave e oito mortes. A transmiss\u00e3o do v\u00edrus \u00e9 maior no inverno, quando h\u00e1 grande aumento de casos e \u00f3bitos, a maioria em beb\u00eas.&nbsp;<\/p>\n\n\n\n<p>Os testes feitos pela fabricante Pfizer com cerca de 7 mil gestantes demonstraram 82,4% de efic\u00e1cia da vacina na preven\u00e7\u00e3o de casos graves em beb\u00eas de at\u00e9 tr\u00eas meses, e de 70% at\u00e9 os seis meses de idade. A vacina\u00e7\u00e3o durante a gesta\u00e7\u00e3o faz com que a m\u00e3e produza anticorpos&nbsp;que s\u00e3o transmitidos ao feto, propiciando que ele j\u00e1 nas\u00e7a com a prote\u00e7\u00e3o.<\/p>\n\n\n\n<p>A Abrysvo foi aprovada para uso no Brasil pela Ag\u00eancia Nacional de Vigil\u00e2ncia Sanit\u00e1ria&nbsp;no ano passado, e j\u00e1 est\u00e1 sendo oferecida pela rede particular de sa\u00fade. A indica\u00e7\u00e3o da Pfizer \u00e9 de uma dose por gesta\u00e7\u00e3o, administrada entre as 24 e as 36 semanas de gravidez. A vacina tamb\u00e9m pode ser tomada por idosos, mas este p\u00fablico n\u00e3o foi contemplado na decis\u00e3o da comiss\u00e3o.&nbsp;<\/p>\n\n\n\n<p>A presidente da Sociedade Brasileira de Imuniza\u00e7\u00f5es M\u00f4nica Levi acredita que a nova vacina trar\u00e1 muitos impactos positivos \u00e0 sa\u00fade infantil.&nbsp;<\/p>\n\n\n\n<p>\u201cVai diminuir a necessidade de consultas em emerg\u00eancia, de interna\u00e7\u00e3o, de UTI, de intuba\u00e7\u00e3o e tamb\u00e9m o n\u00famero de mortes. H\u00e1 tamb\u00e9m o impacto de longo prazo. Ap\u00f3s a primeira infec\u00e7\u00e3o pelo VSR, a crian\u00e7a pode ter chiados por algum tempo na sua vida, desencadeado por diversos fatores, principalmente infec\u00e7\u00e3o viral. Algumas crian\u00e7as&nbsp;se tornam asm\u00e1ticas e outras&nbsp;t\u00eam v\u00e1rios epis\u00f3dios de bronquioespasmo, desencadeados pelas altera\u00e7\u00f5es que o VSR causa na \u00e1rvore br\u00f4nquica.\u201d&nbsp;<\/p>\n\n\n\n<p>A Conitec tamb\u00e9m aprovou a incorpora\u00e7\u00e3o de outra tecnologia, voltada para os beb\u00eas prematuros, o anticorpo monoclonal nirsevimabe. Diferente das vacinas, o&nbsp;medicamento&nbsp;n\u00e3o estimula&nbsp;a produ\u00e7\u00e3o natural de anticorpos, mas se constitu\u00ed em defensor&nbsp;j\u00e1 pronto&nbsp;para evitar a dissemina\u00e7\u00e3o de um agente infeccioso espec\u00edfico. Por isso, \u00e9 aplicados apenas em pessoas com sistema imunol\u00f3gico vulner\u00e1vel, como os beb\u00eas prematuros.<\/p>\n\n\n\n<p>Por T\u00e2mara Freire &#8211; Rep\u00f3rter da Ag\u00eancia Brasil<\/p>\n\n\n\n<p>Foto Fotorech\/Pixabay<\/p>\n","protected":false},"excerpt":{"rendered":"<p>Novo imunizante foi aprovado pelo Conitec O Sistema \u00danico de Sa\u00fade vai oferecer para as<\/p>\n","protected":false},"author":2,"featured_media":99207,"comment_status":"open","ping_status":"open","sticky":false,"template":"","format":"standard","meta":{"footnotes":""},"categories":[17],"tags":[],"class_list":["post-99206","post","type-post","status-publish","format-standard","has-post-thumbnail","hentry","category-outras-noticias"],"_links":{"self":[{"href":"https:\/\/tvc16.com\/portal\/wp-json\/wp\/v2\/posts\/99206","targetHints":{"allow":["GET"]}}],"collection":[{"href":"https:\/\/tvc16.com\/portal\/wp-json\/wp\/v2\/posts"}],"about":[{"href":"https:\/\/tvc16.com\/portal\/wp-json\/wp\/v2\/types\/post"}],"author":[{"embeddable":true,"href":"https:\/\/tvc16.com\/portal\/wp-json\/wp\/v2\/users\/2"}],"replies":[{"embeddable":true,"href":"https:\/\/tvc16.com\/portal\/wp-json\/wp\/v2\/comments?post=99206"}],"version-history":[{"count":1,"href":"https:\/\/tvc16.com\/portal\/wp-json\/wp\/v2\/posts\/99206\/revisions"}],"predecessor-version":[{"id":99208,"href":"https:\/\/tvc16.com\/portal\/wp-json\/wp\/v2\/posts\/99206\/revisions\/99208"}],"wp:featuredmedia":[{"embeddable":true,"href":"https:\/\/tvc16.com\/portal\/wp-json\/wp\/v2\/media\/99207"}],"wp:attachment":[{"href":"https:\/\/tvc16.com\/portal\/wp-json\/wp\/v2\/media?parent=99206"}],"wp:term":[{"taxonomy":"category","embeddable":true,"href":"https:\/\/tvc16.com\/portal\/wp-json\/wp\/v2\/categories?post=99206"},{"taxonomy":"post_tag","embeddable":true,"href":"https:\/\/tvc16.com\/portal\/wp-json\/wp\/v2\/tags?post=99206"}],"curies":[{"name":"wp","href":"https:\/\/api.w.org\/{rel}","templated":true}]}}