{"id":99211,"date":"2025-02-15T20:00:00","date_gmt":"2025-02-15T23:00:00","guid":{"rendered":"https:\/\/tvc16.com\/portal\/?p=99211"},"modified":"2025-02-14T21:20:48","modified_gmt":"2025-02-15T00:20:48","slug":"alckmin-recebe-senador-americano-aliado-de-trump","status":"publish","type":"post","link":"https:\/\/tvc16.com\/portal\/2025\/02\/15\/alckmin-recebe-senador-americano-aliado-de-trump\/","title":{"rendered":"Alckmin recebe senador americano aliado de Trump"},"content":{"rendered":"\n<p>Vice-presidente classificou encontro como &#8220;muito proveitoso&#8221;<a href=\"https:\/\/api.whatsapp.com\/send?text=Alckmin+recebe+senador+americano+aliado+de+Trump+%7C+Ag%C3%AAncia+Brasil+%7C+Ag%C3%AAncia+Brasil+%7C+https%3A%2F%2Fagenciabrasil.ebc.com.br%2Fpolitica%2Fnoticia%2F2025-02%2Falckmin-recebe-senador-americano-aliado-de-trump\" target=\"_blank\" rel=\"noreferrer noopener\"><\/a><a href=\"https:\/\/facebook.com\/sharer.php?u=https%3A%2F%2Fagenciabrasil.ebc.com.br%2Fpolitica%2Fnoticia%2F2025-02%2Falckmin-recebe-senador-americano-aliado-de-trump&amp;t=Alckmin+recebe+senador+americano+aliado+de+Trump+%7C+Ag%C3%AAncia+Brasil\" target=\"_blank\" rel=\"noreferrer noopener\"><\/a><a href=\"https:\/\/twitter.com\/intent\/tweet?url=https%3A%2F%2Fagenciabrasil.ebc.com.br%2Fpolitica%2Fnoticia%2F2025-02%2Falckmin-recebe-senador-americano-aliado-de-trump&amp;text=Alckmin+recebe+senador+americano+aliado+de+Trump+%7C+Ag%C3%AAncia+Brasil\" target=\"_blank\" rel=\"noreferrer noopener\"><\/a><a href=\"https:\/\/www.linkedin.com\/shareArticle?url=https%3A%2F%2Fagenciabrasil.ebc.com.br%2Fpolitica%2Fnoticia%2F2025-02%2Falckmin-recebe-senador-americano-aliado-de-trump&amp;summary=Alckmin+recebe+senador+americano+aliado+de+Trump+%7C+Ag%C3%AAncia+Brasil\" target=\"_blank\" rel=\"noreferrer noopener\"><\/a><\/p>\n\n\n\n<p>O vice-presidente e ministro do Desenvolvimento, Ind\u00fastria, Com\u00e9rcio e Servi\u00e7os (Mdic), Geraldo Alckmin, recebeu nesta sexta-feira (14), no Pal\u00e1cio do Planalto, a visita do senador americano Steve Daines. Integrante do Partido Republicano, eleito pelo estado de Montana, Daines \u00e9 aliado do presidente Donald Trump.<img decoding=\"async\" src=\"https:\/\/agenciabrasil.ebc.com.br\/ebc.png?id=1630509&amp;o=node\"><img decoding=\"async\" src=\"https:\/\/agenciabrasil.ebc.com.br\/ebc.gif?id=1630509&amp;o=node\"><\/p>\n\n\n\n<p>&#8220;Tivemos um encontro muito proveitoso. Este ano completam 200 anos da parceria, da amizade Brasil e Estados Unidos, e vamos comemorar fortalecendo ainda mais esses la\u00e7os&#8221;, afirmou Alckmin em r\u00e1pida declara\u00e7\u00e3o a jornalistas, ap\u00f3s o encontro.<\/p>\n\n\n\n<p>O vice-presidente disse ainda que o senador trouxe um abra\u00e7o do presidente Trump, do vice-presidente JD Vance e&nbsp;do secret\u00e1rio de Estado Marco Rubio.<\/p>\n\n\n\n<p>&#8220;Esta \u00e9 nossa primeira visita ao Brasil. Que maneira maravilhosa aproveitar esse tempo com o vice-presidente [Alckmin]. Temos muitos valores em comum, compartilhamos muitas cren\u00e7as sobre liberdade e autodetermina\u00e7\u00e3o&#8221;, afirmou o senador dos EUA, que estava acompanhado da esposa.<\/p>\n\n\n\n<p>A visita do senador norte-americano ocorre em meio a um ambiente de acirramento de disputas comerciais dos Estados Unidos com diversos pa\u00edses, incluindo o Brasil. Na \u00faltima segunda-feira (10), o rec\u00e9m-empossado presidente dos EUA confirmou a taxa\u00e7\u00e3o em&nbsp;<a href=\"https:\/\/agenciabrasil.ebc.com.br\/internacional\/noticia\/2025-02\/trump-eleva-para-25-tarifas-sobre-importacoes-de-aco-e-aluminio\" target=\"_blank\" rel=\"noreferrer noopener\">25% das importa\u00e7\u00f5es de a\u00e7o e de alum\u00ednio<\/a>, que afetar\u00e1 a ind\u00fastria do setor no Brasil, que \u00e9 um dos principais fornecedores dessas mat\u00e9rias-primas para o pa\u00eds norte-americano. A medida deve entrar em vigor em mar\u00e7o.<\/p>\n\n\n\n<p>Mais cedo, em entrevista \u00e0 R\u00e1dio Clube do Par\u00e1, em Bel\u00e9m, onde cumpriu uma s\u00e9rie de agendas, o presidente Luiz In\u00e1cio Lula da Silva reafirmou que o Brasil&nbsp;<a href=\"https:\/\/agenciabrasil.ebc.com.br\/politica\/noticia\/2025-02\/lula-diz-que-brasil-vai-reagir-contra-taxacoes-de-donald-trump\" target=\"_blank\" rel=\"noreferrer noopener\">vai aplicar o princ\u00edpio da reciprocidade<\/a>,&nbsp;caso o presidente Donald Trump cumpra com a promessa de elevar as tarifas de importa\u00e7\u00e3o do pa\u00eds, que pode incluir outros setores al\u00e9m do a\u00e7o e alum\u00ednio, como o de etanol, por exemplo.<\/p>\n\n\n\n<p>Por Pedro Rafael Vilela &#8211; Rep\u00f3rter da Ag\u00eancia Brasil<\/p>\n\n\n\n<p>Foto Cadu Gomes\/VPR<\/p>\n","protected":false},"excerpt":{"rendered":"<p>Vice-presidente classificou encontro como &#8220;muito proveitoso&#8221; O vice-presidente e ministro do Desenvolvimento, Ind\u00fastria, Com\u00e9rcio e<\/p>\n","protected":false},"author":2,"featured_media":99214,"comment_status":"open","ping_status":"open","sticky":false,"template":"","format":"standard","meta":{"footnotes":""},"categories":[17],"tags":[],"class_list":["post-99211","post","type-post","status-publish","format-standard","has-post-thumbnail","hentry","category-outras-noticias"],"_links":{"self":[{"href":"https:\/\/tvc16.com\/portal\/wp-json\/wp\/v2\/posts\/99211","targetHints":{"allow":["GET"]}}],"collection":[{"href":"https:\/\/tvc16.com\/portal\/wp-json\/wp\/v2\/posts"}],"about":[{"href":"https:\/\/tvc16.com\/portal\/wp-json\/wp\/v2\/types\/post"}],"author":[{"embeddable":true,"href":"https:\/\/tvc16.com\/portal\/wp-json\/wp\/v2\/users\/2"}],"replies":[{"embeddable":true,"href":"https:\/\/tvc16.com\/portal\/wp-json\/wp\/v2\/comments?post=99211"}],"version-history":[{"count":2,"href":"https:\/\/tvc16.com\/portal\/wp-json\/wp\/v2\/posts\/99211\/revisions"}],"predecessor-version":[{"id":99215,"href":"https:\/\/tvc16.com\/portal\/wp-json\/wp\/v2\/posts\/99211\/revisions\/99215"}],"wp:featuredmedia":[{"embeddable":true,"href":"https:\/\/tvc16.com\/portal\/wp-json\/wp\/v2\/media\/99214"}],"wp:attachment":[{"href":"https:\/\/tvc16.com\/portal\/wp-json\/wp\/v2\/media?parent=99211"}],"wp:term":[{"taxonomy":"category","embeddable":true,"href":"https:\/\/tvc16.com\/portal\/wp-json\/wp\/v2\/categories?post=99211"},{"taxonomy":"post_tag","embeddable":true,"href":"https:\/\/tvc16.com\/portal\/wp-json\/wp\/v2\/tags?post=99211"}],"curies":[{"name":"wp","href":"https:\/\/api.w.org\/{rel}","templated":true}]}}