{"id":99226,"date":"2025-02-16T16:00:00","date_gmt":"2025-02-16T19:00:00","guid":{"rendered":"https:\/\/tvc16.com\/portal\/?p=99226"},"modified":"2025-02-14T22:20:19","modified_gmt":"2025-02-15T01:20:19","slug":"em-parceria-com-hemorio-instituto-vital-brazil-realiza-12a-campanha-de-doacao-de-sangue","status":"publish","type":"post","link":"https:\/\/tvc16.com\/portal\/2025\/02\/16\/em-parceria-com-hemorio-instituto-vital-brazil-realiza-12a-campanha-de-doacao-de-sangue\/","title":{"rendered":"Em parceria com Hemorio, Instituto Vital Brazil realiza 12\u00aa Campanha de Doa\u00e7\u00e3o de Sangue"},"content":{"rendered":"\n<p><em>Campanha mobiliza a comunidade em prol do abastecimento dos estoques de sangue locais<\/em><\/p>\n\n\n\n<p>O Instituto Vital Brazil (IVB), em Niter\u00f3i, promove na ter\u00e7a-feira (18\/02) a 12\u00aa edi\u00e7\u00e3o da Campanha de Doa\u00e7\u00e3o de Sangue, em parceria com o Hemorio. O evento ser\u00e1 realizado no Gr\u00eamio Recreativo da institui\u00e7\u00e3o, aberto ao p\u00fablico, com o objetivo de aumentar os estoques de sangue na regi\u00e3o, atendendo \u00e0 demanda dos hospitais e garantindo a regularidade dos tratamentos e cirurgias de pacientes que carecem de transfus\u00f5es.<\/p>\n\n\n\n<p>Com o intuito de alertar e sensibilizar a popula\u00e7\u00e3o niteroiense sobre a import\u00e2ncia da doa\u00e7\u00e3o de sangue, a campanha acontece das 10h \u00e0s 15h.<strong> <\/strong>\u201cA doa\u00e7\u00e3o de sangue \u00e9 um gesto simples, mas que faz toda diferen\u00e7a na vida de muitas pessoas. Com a parceria do Hemorio, nossa miss\u00e3o \u00e9 garantir que mais pacientes tenham acesso ao tratamento necess\u00e1rio e, assim, salvar vidas\u201d, destaca Anderson Mattos, vice-presidente do Instituto Vital Brazil.<\/p>\n\n\n\n<p>A a\u00e7\u00e3o ter\u00e1 uma estrutura organizada para garantir a seguran\u00e7a e o conforto dos doadores, que tamb\u00e9m poder\u00e3o esclarecer d\u00favidas sobre o processo. Para participar, os interessados devem apresentar um documento oficial com foto e atender aos seguintes requisitos de sa\u00fade, conforme as Normas T\u00e9cnicas do Minist\u00e9rio da Sa\u00fade:<\/p>\n\n\n\n<ul class=\"wp-block-list\">\n<li>Estar em boas condi\u00e7\u00f5es de sa\u00fade.<\/li>\n\n\n\n<li>Ter entre 16 e 69 anos (se for a primeira doa\u00e7\u00e3o, deve ocorrer at\u00e9 os 60 anos; menores de 18 anos precisam apresentar formul\u00e1rio de autoriza\u00e7\u00e3o).<\/li>\n\n\n\n<li>Pesar, no m\u00ednimo, 50 kg.<\/li>\n\n\n\n<li>Estar descansado (ter dormido pelo menos 5 horas nas \u00faltimas 24 horas).<\/li>\n\n\n\n<li>Estar alimentado (evitar alimenta\u00e7\u00e3o gordurosa nas 4 horas que antecedem a doa\u00e7\u00e3o).<\/li>\n<\/ul>\n\n\n\n<p><strong>Servi\u00e7o:<\/strong><\/p>\n\n\n\n<ul class=\"wp-block-list\">\n<li>12\u00aa Campanha de Doa\u00e7\u00e3o de Sangue\u00a0<\/li>\n\n\n\n<li>Data: Ter\u00e7a-feira, 18 de fevereiro, das 10h \u00e0s 15h<\/li>\n\n\n\n<li>Local: Gr\u00eamio Recreativo do Instituto Vital Brazil, R. Maestro Jos\u00e9 Botelho, 64 \u2013 Vital Brasil, Niter\u00f3i<\/li>\n\n\n\n<li>Requisitos: Documento oficial com foto e atendimento conforme normas do Minist\u00e9rio da Sa\u00fade<\/li>\n<\/ul>\n\n\n\n<p>A participa\u00e7\u00e3o da comunidade \u00e9 essencial para o sucesso da campanha, que visa fortalecer o estoque de sangue da regi\u00e3o e salvar vidas. O Instituto Vital Brazil convida todos a se unirem a essa causa nobre.<\/p>\n\n\n\n<p>Participe, doe sangue e ajude a salvar vidas!<\/p>\n","protected":false},"excerpt":{"rendered":"<p>Campanha mobiliza a comunidade em prol do abastecimento dos estoques de sangue locais O Instituto<\/p>\n","protected":false},"author":2,"featured_media":99227,"comment_status":"open","ping_status":"open","sticky":false,"template":"","format":"standard","meta":{"footnotes":""},"categories":[17],"tags":[],"class_list":["post-99226","post","type-post","status-publish","format-standard","has-post-thumbnail","hentry","category-outras-noticias"],"_links":{"self":[{"href":"https:\/\/tvc16.com\/portal\/wp-json\/wp\/v2\/posts\/99226","targetHints":{"allow":["GET"]}}],"collection":[{"href":"https:\/\/tvc16.com\/portal\/wp-json\/wp\/v2\/posts"}],"about":[{"href":"https:\/\/tvc16.com\/portal\/wp-json\/wp\/v2\/types\/post"}],"author":[{"embeddable":true,"href":"https:\/\/tvc16.com\/portal\/wp-json\/wp\/v2\/users\/2"}],"replies":[{"embeddable":true,"href":"https:\/\/tvc16.com\/portal\/wp-json\/wp\/v2\/comments?post=99226"}],"version-history":[{"count":1,"href":"https:\/\/tvc16.com\/portal\/wp-json\/wp\/v2\/posts\/99226\/revisions"}],"predecessor-version":[{"id":99228,"href":"https:\/\/tvc16.com\/portal\/wp-json\/wp\/v2\/posts\/99226\/revisions\/99228"}],"wp:featuredmedia":[{"embeddable":true,"href":"https:\/\/tvc16.com\/portal\/wp-json\/wp\/v2\/media\/99227"}],"wp:attachment":[{"href":"https:\/\/tvc16.com\/portal\/wp-json\/wp\/v2\/media?parent=99226"}],"wp:term":[{"taxonomy":"category","embeddable":true,"href":"https:\/\/tvc16.com\/portal\/wp-json\/wp\/v2\/categories?post=99226"},{"taxonomy":"post_tag","embeddable":true,"href":"https:\/\/tvc16.com\/portal\/wp-json\/wp\/v2\/tags?post=99226"}],"curies":[{"name":"wp","href":"https:\/\/api.w.org\/{rel}","templated":true}]}}