{"id":9923,"date":"2021-01-28T06:58:18","date_gmt":"2021-01-28T09:58:18","guid":{"rendered":"https:\/\/tvc16.com\/portal\/?p=9923"},"modified":"2021-01-28T06:58:20","modified_gmt":"2021-01-28T09:58:20","slug":"micro-e-pequenas-empresas-tem-ate-sexta-feira-29-para-pedir-adesao-no-simples-nacional","status":"publish","type":"post","link":"https:\/\/tvc16.com\/portal\/2021\/01\/28\/micro-e-pequenas-empresas-tem-ate-sexta-feira-29-para-pedir-adesao-no-simples-nacional\/","title":{"rendered":"Micro e pequenas empresas t\u00eam at\u00e9 sexta-feira (29) para pedir ades\u00e3o no Simples Nacional"},"content":{"rendered":"\n<p>Companhias devem regularizar pend\u00eancias com fiscos para ingressarem no regime de arrecada\u00e7\u00e3o<\/p>\n\n\n\n<p><\/p>\n\n\n\n<p>Micro e pequenas empresas com faturamento anual de at\u00e9 R$ 4,8 milh\u00f5es t\u00eam at\u00e9 a pr\u00f3xima sexta-feira (29) para se inscreverem no Simples Nacional. At\u00e9 essa data, os empres\u00e1rios com d\u00edvidas nos fiscos estaduais, municipais ou do Distrito Federal devem regularizar as pend\u00eancias para ingressarem no regime tribut\u00e1rio.<\/p>\n\n\n\n<p>O Simples Nacional \u00e9 um regime de arrecada\u00e7\u00e3o, cobran\u00e7a e fiscaliza\u00e7\u00e3o voltado a micro e pequenos empres\u00e1rios, com a inclus\u00e3o dos principais tributos federais, estaduais e municipais. Ele abrange, entre outras cobran\u00e7as, o Imposto sobre a Renda da Pessoa Jur\u00eddica (IRPJ), Imposto sobre Produtos Industrializados (IPI), Contribui\u00e7\u00e3o Social sobre o Lucro L\u00edquido (CSLL), Imposto sobre Servi\u00e7os de Qualquer Natureza (ISS) e a Contribui\u00e7\u00e3o Patronal Previdenci\u00e1ria (CPP).<\/p>\n\n\n\n<p>Segundo o advogado tributarista Bruno Teixeira, o regime tem como principal objetivo facilitar o pagamento de tributos desembolsados pelos contribuintes. \u201cO Simples Nacional agrega tudo isso em apenas uma guia para recolhimento. Por meio dele, \u00e9 feita uma apura\u00e7\u00e3o sobre o faturamento da empresa, em que \u00e9 averiguado se ela se enquadra na lei. Com isso, o recolhimento dos tributos \u00e9 feito de acordo com a receita da empresa\u201d, explica.<\/p>\n\n\n\n<figure class=\"wp-block-image\"><img decoding=\"async\" src=\"\/\/s3-sa-east-1.amazonaws.com\/agencia-radio-arb\/3525\/content_simples-nacional.png\" alt=\"\"\/><\/figure>\n\n\n\n<h2 class=\"wp-block-heading\">Pend\u00eancias<\/h2>\n\n\n\n<p>Para regularizar as pend\u00eancias com \u00f3rg\u00e3os estaduais, municipais e do DF, os contribuintes precisam procurar a administra\u00e7\u00e3o tribut\u00e1ria respons\u00e1vel pelas d\u00edvidas. No caso de pend\u00eancias com a Receita Federal ou com a Procuradoria-Geral da Fazenda Nacional, os empres\u00e1rios podem regulariz\u00e1-las pelo <a href=\"https:\/\/www.gov.br\/orientacao-tributaria\/cobrancas-e-intimacoes\/orientacoes-para-regularizacao-de-pendencias-simples-nacional\" target=\"_blank\" rel=\"noreferrer noopener\">site da Receita Federal.<\/a><\/p>\n\n\n\n<p>No momento da ades\u00e3o do Simples Nacional, que tamb\u00e9m \u00e9 feita na p\u00e1gina da Receita Federal, o contribuinte \u00e9 informado sobre eventuais pend\u00eancias com os fiscos.<\/p>\n\n\n\n<p><strong><a href=\"https:\/\/brasil61.com\/noticias\/sonegacao-de-impostos-no-brasil-causa-prejuizos-anuais-de-r-417-bi-bras203084\" target=\"_blank\" rel=\"noreferrer noopener\">Sonega\u00e7\u00e3o de impostos no Brasil causa preju\u00edzos anuais de R$ 417 bi<\/a><\/strong><\/p>\n\n\n\n<p>Teixeira refor\u00e7a a import\u00e2ncia da regulariza\u00e7\u00e3o de d\u00edvidas com tributos para que o nome do contribuinte n\u00e3o entre na d\u00edvida ativa da Uni\u00e3o e de estados e munic\u00edpios.&nbsp;<\/p>\n\n\n\n<p>\u201cA inadimpl\u00eancia de tributos pode acarretar na inscri\u00e7\u00e3o da d\u00edvida ativa, com cobran\u00e7a por parte da Receita Federal. Com isso, \u00e9 concedido um prazo para que a obriga\u00e7\u00e3o seja regularizada e, ap\u00f3s isso, caso ela n\u00e3o seja resolvida, h\u00e1 a inscri\u00e7\u00e3o na d\u00edvida ativa e o ajuizamento de execu\u00e7\u00e3o fiscal por parte da Procuradoria da Fazenda.\u201d<\/p>\n\n\n\n<p>Tamb\u00e9m poder\u00e3o aderir ao Simples Nacional empresas que estavam nos regimes tribut\u00e1rios de Lucro Presumido ou Lucro Real e tiveram queda no faturamento no ano passado por conta da pandemia.&nbsp;<\/p>\n\n\n\n<h2 class=\"wp-block-heading\">Balan\u00e7o<\/h2>\n\n\n\n<p>De acordo com a Receita Federal, at\u00e9 as 11h do dia 25 de janeiro foram realizadas 206.140 solicita\u00e7\u00f5es de ingresso no Simples Nacional, sendo deferidas 69.360. O \u00f3rg\u00e3o afirma que 126.870 pedidos ainda dependem do contribuinte regularizar as pend\u00eancias com um ou mais entes federados, o que representa 61,5% do total de requerimentos.&nbsp;<\/p>\n\n\n\n<p>Fonte: <a href=\"https:\/\/brasil61.com\/noticias\/micro-e-pequenas-empresas-tem-ate-sexta-feira-29-para-pedir-adesao-no-simples-nacional-bras213570?email=bethdeoliveira@yahoo.com.br&amp;utm_source=newsletter&amp;utm_medium=newsletter&amp;utm_campaign=newsletter\" target=\"_blank\" rel=\"noreferrer noopener\">Brasil 61<\/a><\/p>\n","protected":false},"excerpt":{"rendered":"<p>Companhias devem regularizar pend\u00eancias com fiscos para ingressarem no regime de arrecada\u00e7\u00e3o Micro e pequenas<\/p>\n","protected":false},"author":2,"featured_media":9924,"comment_status":"open","ping_status":"open","sticky":false,"template":"","format":"standard","meta":{"footnotes":""},"categories":[17],"tags":[],"class_list":["post-9923","post","type-post","status-publish","format-standard","has-post-thumbnail","hentry","category-outras-noticias"],"_links":{"self":[{"href":"https:\/\/tvc16.com\/portal\/wp-json\/wp\/v2\/posts\/9923","targetHints":{"allow":["GET"]}}],"collection":[{"href":"https:\/\/tvc16.com\/portal\/wp-json\/wp\/v2\/posts"}],"about":[{"href":"https:\/\/tvc16.com\/portal\/wp-json\/wp\/v2\/types\/post"}],"author":[{"embeddable":true,"href":"https:\/\/tvc16.com\/portal\/wp-json\/wp\/v2\/users\/2"}],"replies":[{"embeddable":true,"href":"https:\/\/tvc16.com\/portal\/wp-json\/wp\/v2\/comments?post=9923"}],"version-history":[{"count":1,"href":"https:\/\/tvc16.com\/portal\/wp-json\/wp\/v2\/posts\/9923\/revisions"}],"predecessor-version":[{"id":9925,"href":"https:\/\/tvc16.com\/portal\/wp-json\/wp\/v2\/posts\/9923\/revisions\/9925"}],"wp:featuredmedia":[{"embeddable":true,"href":"https:\/\/tvc16.com\/portal\/wp-json\/wp\/v2\/media\/9924"}],"wp:attachment":[{"href":"https:\/\/tvc16.com\/portal\/wp-json\/wp\/v2\/media?parent=9923"}],"wp:term":[{"taxonomy":"category","embeddable":true,"href":"https:\/\/tvc16.com\/portal\/wp-json\/wp\/v2\/categories?post=9923"},{"taxonomy":"post_tag","embeddable":true,"href":"https:\/\/tvc16.com\/portal\/wp-json\/wp\/v2\/tags?post=9923"}],"curies":[{"name":"wp","href":"https:\/\/api.w.org\/{rel}","templated":true}]}}