{"id":99233,"date":"2025-02-16T19:00:00","date_gmt":"2025-02-16T22:00:00","guid":{"rendered":"https:\/\/tvc16.com\/portal\/?p=99233"},"modified":"2025-02-16T12:28:13","modified_gmt":"2025-02-16T15:28:13","slug":"prefeitura-e-pm-intensificam-a-operacao-praca-do-bem-para-combater-a-desordem-urbana-em-petropolis","status":"publish","type":"post","link":"https:\/\/tvc16.com\/portal\/2025\/02\/16\/prefeitura-e-pm-intensificam-a-operacao-praca-do-bem-para-combater-a-desordem-urbana-em-petropolis\/","title":{"rendered":"Prefeitura e PM intensificam a Opera\u00e7\u00e3o Pra\u00e7a do Bem para combater a desordem urbana em Petr\u00f3polis"},"content":{"rendered":"\n<p>A\u00e7\u00e3o conjunta das for\u00e7as de seguran\u00e7a fiscaliza estabelecimentos, apreende motocicletas irregulares e refor\u00e7a medidas para garantir o sossego e a ordem p\u00fablica na cidade<\/p>\n\n\n\n<p>Durante a madrugada de s\u00e1bado (15), foi realizada mais uma edi\u00e7\u00e3o da opera\u00e7\u00e3o Pra\u00e7a do Bem, a\u00e7\u00e3o conjunta das for\u00e7as de seguran\u00e7a de Petr\u00f3polis, incluindo a Secretaria de Servi\u00e7os, Seguran\u00e7a e Ordem P\u00fablica (SSOP), a Pol\u00edcia Militar, a Cptrans, a Guarda Civil e os fiscais de posturas do munic\u00edpio. O objetivo foi fiscalizar bares e estabelecimentos comerciais que descumprem as normas de sossego e ordem p\u00fablica, al\u00e9m de coibir irregularidades no tr\u00e2nsito.<\/p>\n\n\n\n<p>As equipes percorreram a regi\u00e3o central, fiscalizando pontos na Rua Nelson de S\u00e1 Earp, na Pra\u00e7a da Liberdade, na Rua 7 de Abril e na Rua 13 de Maio. Durante a a\u00e7\u00e3o, sete estabelecimentos foram inspecionados para verificar o cumprimento das normas municipais, incluindo alvar\u00e1s de funcionamento e regras de emiss\u00e3o sonora. Al\u00e9m disso, nove motocicletas foram apreendidas por estarem estacionadas em locais proibidos ou apresentarem irregularidades administrativas.<\/p>\n\n\n\n<p>O prefeito Hingo Hammes ressaltou que a opera\u00e7\u00e3o faz parte de um esfor\u00e7o cont\u00ednuo para coibir abusos e garantir o cumprimento das regras.<\/p>\n\n\n\n<p>\u201cEssas fiscaliza\u00e7\u00f5es ser\u00e3o constantes, pois a perturba\u00e7\u00e3o sonora e o uso irregular de motocicletas afetam diretamente a rotina dos petropolitanos. O objetivo \u00e9 garantir uma cidade mais organizada e segura para todos\u201d, afirmou.<\/p>\n\n\n\n<p>O secret\u00e1rio de Servi\u00e7os, Seguran\u00e7a e Ordem P\u00fablica, Marcelo Chit\u00e3o, destacou que a fiscaliza\u00e7\u00e3o ser\u00e1 ampliada para atender \u00e0s demandas da popula\u00e7\u00e3o e refor\u00e7ar a ordem na cidade.<\/p>\n\n\n\n<p>\u201cA maioria dos petropolitanos deseja um ambiente mais ordenado, onde as regras sejam respeitadas e todos possam conviver em harmonia. O uso irregular de motos tem sido um dos principais fatores de perturba\u00e7\u00e3o, e estamos empenhados em combater essa pr\u00e1tica. As a\u00e7\u00f5es ser\u00e3o intensificadas at\u00e9 que a conscientiza\u00e7\u00e3o prevale\u00e7a e o direito coletivo ao descanso seja garantido\u201d, pontuou.<\/p>\n\n\n\n<p>A opera\u00e7\u00e3o Pra\u00e7a do Bem se soma a outras medidas adotadas pelo munic\u00edpio para refor\u00e7ar a fiscaliza\u00e7\u00e3o e garantir mais tranquilidade aos moradores. As for\u00e7as de seguran\u00e7a seguem monitorando pontos estrat\u00e9gicos para evitar novos epis\u00f3dios de perturba\u00e7\u00e3o da ordem p\u00fablica.<\/p>\n","protected":false},"excerpt":{"rendered":"<p>A\u00e7\u00e3o conjunta das for\u00e7as de seguran\u00e7a fiscaliza estabelecimentos, apreende motocicletas irregulares e refor\u00e7a medidas para<\/p>\n","protected":false},"author":2,"featured_media":99234,"comment_status":"open","ping_status":"open","sticky":false,"template":"","format":"standard","meta":{"footnotes":""},"categories":[12],"tags":[],"class_list":["post-99233","post","type-post","status-publish","format-standard","has-post-thumbnail","hentry","category-cidade"],"_links":{"self":[{"href":"https:\/\/tvc16.com\/portal\/wp-json\/wp\/v2\/posts\/99233","targetHints":{"allow":["GET"]}}],"collection":[{"href":"https:\/\/tvc16.com\/portal\/wp-json\/wp\/v2\/posts"}],"about":[{"href":"https:\/\/tvc16.com\/portal\/wp-json\/wp\/v2\/types\/post"}],"author":[{"embeddable":true,"href":"https:\/\/tvc16.com\/portal\/wp-json\/wp\/v2\/users\/2"}],"replies":[{"embeddable":true,"href":"https:\/\/tvc16.com\/portal\/wp-json\/wp\/v2\/comments?post=99233"}],"version-history":[{"count":1,"href":"https:\/\/tvc16.com\/portal\/wp-json\/wp\/v2\/posts\/99233\/revisions"}],"predecessor-version":[{"id":99235,"href":"https:\/\/tvc16.com\/portal\/wp-json\/wp\/v2\/posts\/99233\/revisions\/99235"}],"wp:featuredmedia":[{"embeddable":true,"href":"https:\/\/tvc16.com\/portal\/wp-json\/wp\/v2\/media\/99234"}],"wp:attachment":[{"href":"https:\/\/tvc16.com\/portal\/wp-json\/wp\/v2\/media?parent=99233"}],"wp:term":[{"taxonomy":"category","embeddable":true,"href":"https:\/\/tvc16.com\/portal\/wp-json\/wp\/v2\/categories?post=99233"},{"taxonomy":"post_tag","embeddable":true,"href":"https:\/\/tvc16.com\/portal\/wp-json\/wp\/v2\/tags?post=99233"}],"curies":[{"name":"wp","href":"https:\/\/api.w.org\/{rel}","templated":true}]}}