{"id":99239,"date":"2025-02-17T07:00:00","date_gmt":"2025-02-17T10:00:00","guid":{"rendered":"https:\/\/tvc16.com\/portal\/?p=99239"},"modified":"2025-02-16T12:41:15","modified_gmt":"2025-02-16T15:41:15","slug":"firjan-senai-oferece-75-vagas-em-cursos-gratuitos-de-qualificacao-profissional-em-petropolis","status":"publish","type":"post","link":"https:\/\/tvc16.com\/portal\/2025\/02\/17\/firjan-senai-oferece-75-vagas-em-cursos-gratuitos-de-qualificacao-profissional-em-petropolis\/","title":{"rendered":"Firjan SENAI oferece 75 vagas em cursos gratuitos de qualifica\u00e7\u00e3o profissional em Petr\u00f3polis"},"content":{"rendered":"\n<p><strong>As aulas ter\u00e3o in\u00edcio em mar\u00e7o e abril. Inscri\u00e7\u00f5es e matr\u00edculas devem ser feitas diretamente na unidade do Bingen<\/strong><\/p>\n\n\n\n<p>A Firjan SENAI est\u00e1 com inscri\u00e7\u00f5es abertas para 75 vagas gratuitas em cursos de qualifica\u00e7\u00e3o profissional em Petr\u00f3polis, com aulas previstas para in\u00edcio em mar\u00e7o e abril, na unidade do Bingen. As ofertas s\u00e3o para os cursos de: Eletricista Industrial, Operador de M\u00e1quinas Operatrizes e Marceneiro.&nbsp;<\/p>\n\n\n\n<p>As inscri\u00e7\u00f5es e matr\u00edculas devem ser feitas exclusivamente de forma presencial na unidade (Rua Bingen, 130 \u2013 Bingen) e ser\u00e3o encerradas automaticamente para cada oferta assim que o n\u00famero de inscritos atingir o limite de vagas. As informa\u00e7\u00f5es completas est\u00e3o no edital:&nbsp;<a href=\"https:\/\/firjansenai.com.br\/editais-gratuitos\" target=\"_blank\" rel=\"noreferrer noopener\">https:\/\/firjansenai.com.br\/editais-gratuitos<\/a>.<\/p>\n\n\n\n<p>\u201cEm um cen\u00e1rio de crescente demanda por profissionais qualificados, os cursos gratuitos oferecidos pela Firjan SENAI s\u00e3o uma oportunidade \u00fanica para quem busca se destacar e construir uma carreira promissora no mercado de trabalho, expandindo seus horizontes de empregabilidade e atendendo \u00e0s necessidades das ind\u00fastrias\u201d, disse&nbsp;<strong>Edson Melo, gerente de Educa\u00e7\u00e3o Profissional da Firjan SENAI.<\/strong><\/p>\n\n\n\n<p><strong>Pr\u00e9-requisito e inscri\u00e7\u00f5es<\/strong><\/p>\n\n\n\n<p>Para participar, os candidatos devem preencher os pr\u00e9-requisitos espec\u00edficos dos cursos desejados, incluindo idade e escolaridade, al\u00e9m de renda familiar mensal per capita bruta de at\u00e9 1,5 sal\u00e1rio-m\u00ednimo federal, comprovada por meio de uma autodeclara\u00e7\u00e3o. \u00c9 fundamental tamb\u00e9m ter acesso a um computador ou notebook, j\u00e1 que parte dos cursos ser\u00e1 realizada de forma on-line, seguindo a estrat\u00e9gia EAD.<\/p>\n\n\n\n<p>Ser\u00e1 necess\u00e1rio apresentar todos os documentos exigidos, incluindo identifica\u00e7\u00e3o, CPF, comprovante de escolaridade e autodeclara\u00e7\u00e3o de baixa renda. Candidatos menores de idade dever\u00e3o ser acompanhados por seu respons\u00e1vel legal.<\/p>\n","protected":false},"excerpt":{"rendered":"<p>As aulas ter\u00e3o in\u00edcio em mar\u00e7o e abril. Inscri\u00e7\u00f5es e matr\u00edculas devem ser feitas diretamente<\/p>\n","protected":false},"author":2,"featured_media":88182,"comment_status":"open","ping_status":"open","sticky":false,"template":"","format":"standard","meta":{"footnotes":""},"categories":[12],"tags":[],"class_list":["post-99239","post","type-post","status-publish","format-standard","has-post-thumbnail","hentry","category-cidade"],"_links":{"self":[{"href":"https:\/\/tvc16.com\/portal\/wp-json\/wp\/v2\/posts\/99239","targetHints":{"allow":["GET"]}}],"collection":[{"href":"https:\/\/tvc16.com\/portal\/wp-json\/wp\/v2\/posts"}],"about":[{"href":"https:\/\/tvc16.com\/portal\/wp-json\/wp\/v2\/types\/post"}],"author":[{"embeddable":true,"href":"https:\/\/tvc16.com\/portal\/wp-json\/wp\/v2\/users\/2"}],"replies":[{"embeddable":true,"href":"https:\/\/tvc16.com\/portal\/wp-json\/wp\/v2\/comments?post=99239"}],"version-history":[{"count":1,"href":"https:\/\/tvc16.com\/portal\/wp-json\/wp\/v2\/posts\/99239\/revisions"}],"predecessor-version":[{"id":99240,"href":"https:\/\/tvc16.com\/portal\/wp-json\/wp\/v2\/posts\/99239\/revisions\/99240"}],"wp:featuredmedia":[{"embeddable":true,"href":"https:\/\/tvc16.com\/portal\/wp-json\/wp\/v2\/media\/88182"}],"wp:attachment":[{"href":"https:\/\/tvc16.com\/portal\/wp-json\/wp\/v2\/media?parent=99239"}],"wp:term":[{"taxonomy":"category","embeddable":true,"href":"https:\/\/tvc16.com\/portal\/wp-json\/wp\/v2\/categories?post=99239"},{"taxonomy":"post_tag","embeddable":true,"href":"https:\/\/tvc16.com\/portal\/wp-json\/wp\/v2\/tags?post=99239"}],"curies":[{"name":"wp","href":"https:\/\/api.w.org\/{rel}","templated":true}]}}