{"id":99244,"date":"2025-02-16T20:00:00","date_gmt":"2025-02-16T23:00:00","guid":{"rendered":"https:\/\/tvc16.com\/portal\/?p=99244"},"modified":"2025-02-16T12:50:40","modified_gmt":"2025-02-16T15:50:40","slug":"baixa-escolaridade-e-fator-de-risco-para-declinio-cognitivo-no-brasil","status":"publish","type":"post","link":"https:\/\/tvc16.com\/portal\/2025\/02\/16\/baixa-escolaridade-e-fator-de-risco-para-declinio-cognitivo-no-brasil\/","title":{"rendered":"Baixa escolaridade \u00e9 fator de risco para decl\u00ednio cognitivo no Brasil"},"content":{"rendered":"\n<p>Estudo contraria fatores de risco como idade avan\u00e7ada e sexo<\/p>\n\n\n\n<p>A baixa escolaridade no Brasil figura atualmente como maior fator de risco para o decl\u00ednio cognitivo, caracter\u00edstica ligada a quadros de dem\u00eancia. A conclus\u00e3o \u00e9 de um estudo liderado pelo professor da Universidade Federal do Rio Grande do Sul (UFRGS), Eduardo Zimmer, com o apoio do Instituto Serrapilheira, e publicado no peri\u00f3dico The Lancet Global Health.<img decoding=\"async\" src=\"https:\/\/agenciabrasil.ebc.com.br\/ebc.png?id=1630117&amp;o=node\"><img decoding=\"async\" src=\"https:\/\/agenciabrasil.ebc.com.br\/ebc.gif?id=1630117&amp;o=node\"><\/p>\n\n\n\n<p>Em nota, o Instituto Serrapilheira avalia&nbsp;que o estudo \u00e9 importante porque contraria a premissa, prevista na literatura cient\u00edfica, de que o decl\u00ednio cognitivo \u00e9 causado sobretudo por fatores como idade avan\u00e7ada e sexo. \u201cO novo artigo amplia o leque de riscos de perda de cogni\u00e7\u00e3o, considerando as particularidades de outros contextos\u201d, destacou o comunicado.<\/p>\n\n\n\n<p>O estudo demonstra que modelos de pesquisas desenvolvidas em pa\u00edses de alta renda n\u00e3o s\u00e3o replic\u00e1veis para todo tipo de na\u00e7\u00e3o. Por meio do uso de intelig\u00eancia artificial (IA) associada a t\u00e9cnicas de machine learning, a pesquisa analisou dados de mais de 41 mil pessoas na Am\u00e9rica Latina, divididas em dois grupos: pa\u00edses de baixa e m\u00e9dia renda (Brasil, Col\u00f4mbia e Equador) e pa\u00edses de alta renda (Uruguai e Chile).<\/p>\n\n\n\n<p>No Brasil, foram 9.412 casos analisados, oriundos do Estudo Longitudinal da Sa\u00fade dos Idosos Brasileiros (ELSI-Brasil). \u201cA baixa escolaridade foi o maior fator de risco para casos de decl\u00ednio cognitivo, seguida de sintomas de sa\u00fade mental, atividade f\u00edsica, h\u00e1bitos de fumo, isolamento social, entre outros\u201d, destacou o instituto Serrapilheira.<\/p>\n\n\n\n<p>Idade e sexo, considerados fatores de risco mais proeminentes globalmente, aparecem de forma menos relevante em termos estat\u00edsticos. \u201cOs n\u00edveis baixos de escolaridade, junto com as j\u00e1 conhecidas instabilidade econ\u00f4mica e inseguran\u00e7a social do pa\u00eds, t\u00eam impacto significativo no envelhecimento cerebral da popula\u00e7\u00e3o brasileira, especialmente nas regi\u00f5es mais pobres\u201d.<\/p>\n\n\n\n<p>\u201cAo identificar a educa\u00e7\u00e3o como um fator central no risco de decl\u00ednio cognitivo, a expectativa de Eduardo Zimmer e outros pesquisadores que participaram do estudo \u00e9 influenciar as pol\u00edticas p\u00fablicas do Brasil e da Am\u00e9rica Latina em rela\u00e7\u00e3o ao tema\u201d, completou o instituto.<\/p>\n\n\n\n<p>No Brasil, cerca de 8,5% da popula\u00e7\u00e3o com 60 anos ou mais apresenta algum tipo de dem\u00eancia \u2013 algo em torno de 2,71 milh\u00f5es de pessoas, conforme dados do Minist\u00e9rio da Sa\u00fade. \u201cA proje\u00e7\u00e3o para 2050 indica que esse n\u00famero pode aumentar para 5,6 milh\u00f5es de diagn\u00f3sticos no pa\u00eds\u201d, concluiu o instituto.<\/p>\n\n\n\n<p>Por Paula Laboissi\u00e8re \u2013 Rep\u00f3rter da Ag\u00eancia Brasil<\/p>\n\n\n\n<p>Foto <\/p>\n","protected":false},"excerpt":{"rendered":"<p>Estudo contraria fatores de risco como idade avan\u00e7ada e sexo A baixa escolaridade no Brasil<\/p>\n","protected":false},"author":2,"featured_media":99245,"comment_status":"open","ping_status":"open","sticky":false,"template":"","format":"standard","meta":{"footnotes":""},"categories":[17],"tags":[],"class_list":["post-99244","post","type-post","status-publish","format-standard","has-post-thumbnail","hentry","category-outras-noticias"],"_links":{"self":[{"href":"https:\/\/tvc16.com\/portal\/wp-json\/wp\/v2\/posts\/99244","targetHints":{"allow":["GET"]}}],"collection":[{"href":"https:\/\/tvc16.com\/portal\/wp-json\/wp\/v2\/posts"}],"about":[{"href":"https:\/\/tvc16.com\/portal\/wp-json\/wp\/v2\/types\/post"}],"author":[{"embeddable":true,"href":"https:\/\/tvc16.com\/portal\/wp-json\/wp\/v2\/users\/2"}],"replies":[{"embeddable":true,"href":"https:\/\/tvc16.com\/portal\/wp-json\/wp\/v2\/comments?post=99244"}],"version-history":[{"count":1,"href":"https:\/\/tvc16.com\/portal\/wp-json\/wp\/v2\/posts\/99244\/revisions"}],"predecessor-version":[{"id":99246,"href":"https:\/\/tvc16.com\/portal\/wp-json\/wp\/v2\/posts\/99244\/revisions\/99246"}],"wp:featuredmedia":[{"embeddable":true,"href":"https:\/\/tvc16.com\/portal\/wp-json\/wp\/v2\/media\/99245"}],"wp:attachment":[{"href":"https:\/\/tvc16.com\/portal\/wp-json\/wp\/v2\/media?parent=99244"}],"wp:term":[{"taxonomy":"category","embeddable":true,"href":"https:\/\/tvc16.com\/portal\/wp-json\/wp\/v2\/categories?post=99244"},{"taxonomy":"post_tag","embeddable":true,"href":"https:\/\/tvc16.com\/portal\/wp-json\/wp\/v2\/tags?post=99244"}],"curies":[{"name":"wp","href":"https:\/\/api.w.org\/{rel}","templated":true}]}}