{"id":9926,"date":"2021-01-28T07:03:14","date_gmt":"2021-01-28T10:03:14","guid":{"rendered":"https:\/\/tvc16.com\/portal\/?p=9926"},"modified":"2021-01-28T07:03:17","modified_gmt":"2021-01-28T10:03:17","slug":"foi-realizada-na-tarde-desta-quarta-feira-27-a-1a-reuniao-da-comissao-de-revisao-do-codigo-de-obras-do-municipio-de-petropolis-camara-municipal-ira-convocar-a-sociedade-civil-para-participar-das-f","status":"publish","type":"post","link":"https:\/\/tvc16.com\/portal\/2021\/01\/28\/foi-realizada-na-tarde-desta-quarta-feira-27-a-1a-reuniao-da-comissao-de-revisao-do-codigo-de-obras-do-municipio-de-petropolis-camara-municipal-ira-convocar-a-sociedade-civil-para-participar-das-f\/","title":{"rendered":"Foi realizada na tarde desta quarta-feira (27), a 1\u00aa reuni\u00e3o da Comiss\u00e3o de Revis\u00e3o do C\u00f3digo de Obras do Munic\u00edpio de Petr\u00f3polis. C\u00e2mara Municipal ir\u00e1 convocar a Sociedade Civil para participar das futuras discuss\u00f5es sobre o tema"},"content":{"rendered":"\n<p>A Comiss\u00e3o Especial, que ter\u00e1 como Presidente o vereador Marcelo Lessa (SOLIDARIEDADE), J\u00fanior Coruja (PSD) como relator e J\u00fanior Paix\u00e3o (DC) como vogal, debateu junto do Presidente da C\u00e2mara Municipal, Fred Proc\u00f3pio, a import\u00e2ncia da atualiza\u00e7\u00e3o do C\u00f3digo de Obras, que data do ano de 1970, e os poss\u00edveis artigos a serem inclu\u00eddos e retirados do documento.<\/p>\n\n\n\n<p>O debate se deu a partir do momento em que foi verificado que diversos artigos do C\u00f3digo de Obras contradizem a ABNT e a NBR por serem muito antigos. A ideia \u00e9 confrontar com normativas federais aquilo que estiver destoando e fazer prevalecer as cl\u00e1usulas aprovadas pela Associa\u00e7\u00e3o Brasileira de Normas T\u00e9cnicas. \u201cTemos uma legisla\u00e7\u00e3o engessada e incompat\u00edvel com aquilo que queremos para Petr\u00f3polis. A cidade precisa crescer e se desenvolver de forma sustent\u00e1vel, por isso, vamos modernizar o c\u00f3digo, simplificar ao m\u00e1ximo o licenciamento de obras e tentar inserir nessa nova proposta um formato de autolicenciamento para os empreendimentos de baixo impacto. Isso far\u00e1 com que a burocracia seja reduzida e o custo de legaliza\u00e7\u00e3o dos im\u00f3veis para as pessoas de baixa renda seja compat\u00edvel com cada indiv\u00edduo\u201d, explica Fred.<\/p>\n\n\n\n<p>Para o vereador Marcelo Lessa, presidente da Comiss\u00e3o Especial, o novo c\u00f3digo de obras vem para simplificar, agilizar e dar facilidade para pequenos empreendedores, construtores, arquitetos e engenheiros, tendo em vista que, atualmente, um alvar\u00e1 de obras leva cerca de 3 anos para ser aprovado.<\/p>\n\n\n\n<p><\/p>\n","protected":false},"excerpt":{"rendered":"<p>A Comiss\u00e3o Especial, que ter\u00e1 como Presidente o vereador Marcelo Lessa (SOLIDARIEDADE), J\u00fanior Coruja (PSD)<\/p>\n","protected":false},"author":2,"featured_media":9927,"comment_status":"open","ping_status":"open","sticky":false,"template":"","format":"standard","meta":{"footnotes":""},"categories":[12],"tags":[],"class_list":["post-9926","post","type-post","status-publish","format-standard","has-post-thumbnail","hentry","category-cidade"],"_links":{"self":[{"href":"https:\/\/tvc16.com\/portal\/wp-json\/wp\/v2\/posts\/9926","targetHints":{"allow":["GET"]}}],"collection":[{"href":"https:\/\/tvc16.com\/portal\/wp-json\/wp\/v2\/posts"}],"about":[{"href":"https:\/\/tvc16.com\/portal\/wp-json\/wp\/v2\/types\/post"}],"author":[{"embeddable":true,"href":"https:\/\/tvc16.com\/portal\/wp-json\/wp\/v2\/users\/2"}],"replies":[{"embeddable":true,"href":"https:\/\/tvc16.com\/portal\/wp-json\/wp\/v2\/comments?post=9926"}],"version-history":[{"count":1,"href":"https:\/\/tvc16.com\/portal\/wp-json\/wp\/v2\/posts\/9926\/revisions"}],"predecessor-version":[{"id":9928,"href":"https:\/\/tvc16.com\/portal\/wp-json\/wp\/v2\/posts\/9926\/revisions\/9928"}],"wp:featuredmedia":[{"embeddable":true,"href":"https:\/\/tvc16.com\/portal\/wp-json\/wp\/v2\/media\/9927"}],"wp:attachment":[{"href":"https:\/\/tvc16.com\/portal\/wp-json\/wp\/v2\/media?parent=9926"}],"wp:term":[{"taxonomy":"category","embeddable":true,"href":"https:\/\/tvc16.com\/portal\/wp-json\/wp\/v2\/categories?post=9926"},{"taxonomy":"post_tag","embeddable":true,"href":"https:\/\/tvc16.com\/portal\/wp-json\/wp\/v2\/tags?post=9926"}],"curies":[{"name":"wp","href":"https:\/\/api.w.org\/{rel}","templated":true}]}}