{"id":99260,"date":"2025-02-17T08:35:34","date_gmt":"2025-02-17T11:35:34","guid":{"rendered":"https:\/\/tvc16.com\/portal\/?p=99260"},"modified":"2025-02-17T08:35:36","modified_gmt":"2025-02-17T11:35:36","slug":"rio-alerta-para-calor-extremo-e-chance-de-recorde-nesta-semana","status":"publish","type":"post","link":"https:\/\/tvc16.com\/portal\/2025\/02\/17\/rio-alerta-para-calor-extremo-e-chance-de-recorde-nesta-semana\/","title":{"rendered":"Rio alerta para calor extremo e chance de recorde nesta semana"},"content":{"rendered":"\n<p><em>Cidade pode superar 41,8\u00b0C, maior marca j\u00e1 registrada em fevereiro<\/em><\/p>\n\n\n\n<p>Por Cristina \u00cdndio do Brasil \/ Foto: Fernando Fraz\u00e3o\/Ag\u00eancia Brasil<\/p>\n\n\n\n<p><\/p>\n\n\n\n<p>As previs\u00f5es meteorol\u00f3gicas apontam para temperaturas elevadas na cidade do Rio de Janeiro, principalmente, nesta segunda-feira (17) e no dia seguinte. O Sistema Alerta Rio indica que esses dias podem ser os dias mais quentes da semana, podendo bater o recorde de dia mais quente j\u00e1 registrado em&nbsp;fevereiro, que \u00e9 41,8 graus Celsius (\u00b0C), no ano de&nbsp;2023.<img decoding=\"async\" src=\"https:\/\/agenciabrasil.ebc.com.br\/ebc.png?id=1630588&amp;o=node\"><img decoding=\"async\" src=\"https:\/\/agenciabrasil.ebc.com.br\/ebc.gif?id=1630588&amp;o=node\"><\/p>\n\n\n\n<p>\u201cA gente pode passar disso&nbsp;principalmente na ter\u00e7a-feira&#8221;, informou a meteorologista chefe do Sistema Alerta Rio, Raquel Franco. &#8220;A&nbsp;gente est\u00e1 em&nbsp;um fevereiro muito seco, com pouca chuva. A atual m\u00e9dia [de chuva] agora no dia 16 de fevereiro \u00e9 de apenas 5 mil\u00edmetros (mm). Teremos mais uma semana sem chuva, e as previs\u00f5es para o fim de fevereiro n\u00e3o indicam uma quantidade muito grande de chuva. Podemos&nbsp;ter um dos fevereiros mais secos da hist\u00f3ria\u201d.<\/p>\n\n\n\n<p>Diante desse cen\u00e1rio, a Prefeitura do Rio anunciou que, caso a cidade atinja o patamar Calor 4 no protocolo criado pela administra\u00e7\u00e3o municipal, a popula\u00e7\u00e3o poder\u00e1 contar com a abertura de 58 pontos de resfriamento. \u201cS\u00e3o \u00e1reas que possibilitam sombra, pontos de hidrata\u00e7\u00e3o e banheiros em Naves do Conhecimento e parques municipais, vilas ol\u00edmpicas e outros equipamentos municipais\u201d, indicou&nbsp;o chefe-executivo do Centro de Opera\u00e7\u00f5es e Resili\u00eancia (COR-Rio), Marcus Belchior, acrescentando que a lista dos locais estar\u00e1 dispon\u00edvel no aplicativo do COR.<\/p>\n\n\n<div class=\"wp-block-image\">\n<figure class=\"alignright\"><img decoding=\"async\" src=\"https:\/\/imagens.ebc.com.br\/G5qplnvmhfIiZZd8eJGUSHZgCQE=\/463x0\/smart\/https:\/\/agenciabrasil.ebc.com.br\/sites\/default\/files\/thumbnails\/image\/2025\/02\/16\/credito_marcos_de_paula_prefeitura_do_rio.jpg?itok=jxnoC2-F\" alt=\"Rio de Janeiro (RJ), 16\/02\/2025 - Prefeito do Rio de Janeiro Eduardo Paes durante recomenda\u00e7\u00f5es e an\u00fancio medidas contra calor extremo. Foto:  Marcos de Paula\/Prefeitura do Rio\" title=\"Marcos de Paula\/Prefeitura do Rio\"\/><figcaption class=\"wp-element-caption\"><em>Prefeito do Rio de Janeiro Eduardo Paes durante recomenda\u00e7\u00f5es e an\u00fancio medidas contra calor extremo. Foto: Marcos de Paula\/Prefeitura do Rio<\/em><\/figcaption><\/figure>\n<\/div>\n\n\n<p>Al\u00e9m disso, dever\u00e1 ser respeitada a parada para hidrata\u00e7\u00e3o de funcion\u00e1rios que trabalham expostos ao sol. A rede de sa\u00fade municipal dever\u00e1 estar preparada para o aumento de atendimentos de casos decorrentes das altas temperaturas. A recomenda\u00e7\u00e3o \u00e9 aumentar a ingest\u00e3o de \u00e1gua, fazer uso de roupas leves e evitar a exposi\u00e7\u00e3o direta ao sol nos hor\u00e1rios de pico de calor.<\/p>\n\n\n\n<p>\u201cN\u00f3s estamos no Calor 3 e temos uma probabilidade e possibilidade enorme de irmos para o calor 4 nesta semana. Provavelmente, nada indica pelas previs\u00f5es de que a gente v\u00e1 chegar no Calor 5\u201d, apontou o prefeito do Rio, Eduardo Paes, em entrevista coletiva para&nbsp;avalia\u00e7\u00e3o das condi\u00e7\u00f5es clim\u00e1ticas e an\u00fancio de medidas para a popula\u00e7\u00e3o.<\/p>\n\n\n\n<p>Paes disse que ningu\u00e9m da administra\u00e7\u00e3o municipal vai pedir o cancelamento dos desfiles de blocos de rua,&nbsp;nem impedir que a popula\u00e7\u00e3o participe de atividades na cidade neste per\u00edodo de ver\u00e3o e de carnaval, com previs\u00e3o de calor intenso.&nbsp;Apesar disso,&nbsp;recomendou muito cuidado diante do cen\u00e1rio de previs\u00e3o do clima.<\/p>\n\n\n\n<p>\u201dQualquer pessoa que j\u00e1 pulou, brincou em um bloco de carnaval na cidade do Rio de janeiro durante o dia, sabe do que estou falando, mas a gente pode chamar aten\u00e7\u00e3o dos foli\u00f5es para&nbsp;beber mais \u00e1gua, se hidratar melhor, tomar certos cuidados, buscar estar em ambiente em que os riscos \u00e0 sa\u00fade sejam menores\u201d, afirmou, comentando que a virada da leitura da prefeitura do Rio faz sobre o calor na cidade&nbsp;foi a morte, em novembro de 2023, por exaust\u00e3o t\u00e9rmica, da estudante Ana Clara Benevides Machado, de 23 anos, durante o show da cantora norte-americana Taylor Swift, no est\u00e1dio do Engenh\u00e3o, na zona norte do Rio de Janeiro.<\/p>\n\n\n\n<p>\u201cA gente n\u00e3o quer controlar ningu\u00e9m. O que a gente quer \u00e9 que as pessoas tenham consci\u00eancia do que est\u00e1 se passando, dos riscos, s\u00e3o preocupa\u00e7\u00f5es que a pr\u00f3pria popula\u00e7\u00e3o tem que tomar. N\u00e3o vamos colocar um chip em cada cidad\u00e3o\u201d, afirmou Paes.<\/p>\n\n\n\n<p>O prefeito destacou que o ver\u00e3o carioca sempre foi muito quente e que n\u00e3o \u00e9 novidade a cidade atingir 40\u00b0 C nesta \u00e9poca do ano. Essa situa\u00e7\u00e3o tem se repetido neste ano, mas agora com o agravante de que a intensidade, a repeti\u00e7\u00e3o de dias com o calor intenso e a sensa\u00e7\u00e3o t\u00e9rmica t\u00eam sido maiores do que o verificado na hist\u00f3ria.<\/p>\n\n\n\n<p>\u201cA gente busca trazer para voc\u00eas e para a popula\u00e7\u00e3o um alerta da semana que vai chegar. Tomara que a meteorologia confirme o sol, mas jogue as temperaturas para baixo. Eu seria o homem mais feliz do mundo se a gente disser que a semana foi inteira de sol, passaremos com sol at\u00e9 o m\u00eas de abril, mas a temperaturas permanecer\u00e3o entre 25\u00b0C e 32\u00b0C na cidade do Rio de Janeiro. N\u00e3o \u00e9 o mais prov\u00e1vel\u201d, completou.<\/p>\n\n\n\n<p>Outra observa\u00e7\u00e3o feita pelo prefeito \u00e9 que o avan\u00e7o da ci\u00eancia permitiu dispor atualmente de mais elementos que mostram os impactos na vida e sa\u00fade das pessoas.&nbsp;<\/p>\n\n\n<div class=\"wp-block-image\">\n<figure class=\"alignleft is-resized\"><img decoding=\"async\" src=\"https:\/\/imagens.ebc.com.br\/L2d8GcyI_SiZFaUv0bItwkCynYk=\/754x0\/smart\/https:\/\/agenciabrasil.ebc.com.br\/sites\/default\/files\/thumbnails\/image\/_dsc4412.jpg?itok=CDORFeVx\" alt=\"Rio de Janeiro (RJ), 14\/11\/2023 \u2013 Popula\u00e7\u00e3o enfrenta forte onda de calor no Rio de Janeiro. Foto: Tomaz Silva\/Ag\u00eancia Brasil\" style=\"width:406px;height:auto\" title=\"Tomaz Silva\/Ag\u00eancia Brasil\"\/><figcaption class=\"wp-element-caption\"><em>Popula\u00e7\u00e3o enfrenta forte onda de calor no Rio de Janeiro. Foto: Tomaz Silva\/Ag\u00eancia Brasil\u00a0<\/em><\/figcaption><\/figure>\n<\/div>\n\n\n<p>\u201cNo passado, sem as informa\u00e7\u00f5es que a ci\u00eancia, a medicina, nos d\u00e3o&nbsp;hoje, pessoas morriam de calor no Rio de Janeiro em consequ\u00eancia das elevadas temperaturas, e o diagn\u00f3stico daquela doen\u00e7a que a pessoa enfrentava n\u00e3o era creditado ao calor. Na medida que a ci\u00eancia avan\u00e7ou, n\u00f3s conseguimos identificar os malef\u00edcios trazidos pelas temperaduras excessivas na sa\u00fade das pessoas \u201c, disse, contando ainda que o avan\u00e7o da ci\u00eancia permitiu aprimorar as an\u00e1lises de dados meteorol\u00f3gicos que conseguem hoje prever com certeza maior as temperaturas de per\u00edodos mais longos.<\/p>\n\n\n\n<p>Citando a&nbsp;pr\u00f3pria&nbsp;agenda, Paes disse que, para evitar riscos a moradores de Ramos e Bonsucesso, cancelou o compromisso&nbsp;que tinha neste domingo \u00e0s 12h, para conversar sobre com eles as obras do Programa Bairro Maravilha. \u201cImagina aquele solzinho de meio dia, aquela obra no asfalto\u201d, pontuou.<\/p>\n\n\n\n<p>O monitoramento dos n\u00edveis de calor pelo COR-Rio come\u00e7ou em junho do ano passado. A classifica\u00e7\u00e3o tem cinco n\u00edveis de risco que variam conforme a temperatura e a umidade relativa do ar registradas na cidade. Durante a entrevista, Paes pediu a modifica\u00e7\u00e3o na nomenclatura do protocolo, que foi criado com fases de n\u00edveis de calor de NC1 at\u00e9 NC5. Para ele, \u00e9 mais f\u00e1cil o entendimento da popula\u00e7\u00e3o passar para Calor 1 a Calor 5 (C1 a C5).<\/p>\n\n\n\n<h2 class=\"wp-block-heading\">Desidrata\u00e7\u00e3o<\/h2>\n\n\n\n<p>O secret\u00e1rio municipal de Sa\u00fade, Daniel Soranz, disse que as unidades de sa\u00fade municipais registraram um aumento na procura por emerg\u00eancias para o atendimento de pessoas por quest\u00e3o de desidrata\u00e7\u00e3o.<\/p>\n\n\n\n<p>\u201cS\u00f3 no m\u00eas de janeiro, a gente estima que 3 mil pessoas foram atendidas por problemas ligados ao calor&nbsp;ou \u00e0&nbsp;desidrata\u00e7\u00e3o. Tem uma preocupa\u00e7\u00e3o muito grande com idosos e crian\u00e7as que t\u00eam menos sensa\u00e7\u00e3o de sede, sentem menos sede e pedem \u00e1gua com mais dificuldades. A&nbsp;gente teve inten\u00e7\u00f5es de dois beb\u00eas por problema de roupa em excesso. \u00c9 mportante as mam\u00e3es, principalmente as de primeira viagem, estarem atentas \u00e0 desidrata\u00e7\u00e3o das crian\u00e7as \u201c, disse , apontando ainda a preocupa\u00e7\u00e3o da secretaria com o uso de ceras de cabelo e filtro solar caseiro, que causam queimaduras de pele. No caso das ceras, elas escorrem com o calor e podem provocar queimaduras de retina, segundo o secret\u00e1rio.<\/p>\n\n\n\n<p>\u201cIsso tem sido muito comum, muito frequente nas emerg\u00eancia\u201d, completou.&nbsp;&nbsp;<\/p>\n\n\n\n<p>Os cuidados devem ser redobrados tamb\u00e9m em pessoas com problemas card\u00edacos, diab\u00e9ticos e hipertensos que s\u00e3o mais propensos a descompensa\u00e7\u00e3o mais r\u00e1pida. O secret\u00e1rio pediu ainda aten\u00e7\u00e3o com os pets para evitar queimaduras nas patas&nbsp;ao serem levados em cal\u00e7adas e ruas muito quentes.<\/p>\n\n\n\n<h2 class=\"wp-block-heading\">Sintomas<\/h2>\n\n\n\n<p>De acordo com a prefeitura, o calor extremo provoca sintomas como aumento da taxa de respira\u00e7\u00e3o, piora na alergia e da asma, agravamento de doen\u00e7a pulmonar obstrutiva cr\u00f4nica, les\u00f5es hep\u00e1ticas, c\u00e2imbras, espasmos musculares, fraqueza, dores de cabe\u00e7a, tonteira, irritabilidade, perda de coordena\u00e7\u00e3o, confus\u00e3o mental, del\u00edrio, ansiedade, perda de consci\u00eancia, convuls\u00f5es, derrames, arritmia, acelera\u00e7\u00e3o dos batimentos redu\u00e7\u00e3o do fluxo sangu\u00edneo para o cora\u00e7\u00e3o, ataque card\u00edaco. Al\u00e9m disso, doen\u00e7a e fal\u00eancia renal.<\/p>\n\n\n\n<p>A secret\u00e1ria municipal de Meio Ambiente e Clima, Tain\u00e1 de Paula, disse que tem sido uma preocupa\u00e7\u00e3o da prefeitura realizar projetos para minimizar o impacto desses efeitos do clima. Segundo ela, o munic\u00edpio se adapta tamb\u00e9m no m\u00e9dio e longo prazo com iniciativas de reflorestamento que vem dando resultados positivos comparados a cerca de 15 campos de futebol ou 154 hectares.&nbsp;<\/p>\n\n\n\n<p>\u201cA ideia de que vamos conseguir frear a mudan\u00e7a do clima, o aumento da temperatura da Terra n\u00e3o depende s\u00f3 do Rio de Janeiro. O Rio de Janeiro vai conseguir lidar nas pr\u00f3ximas d\u00e9cadas com a sensa\u00e7\u00e3o t\u00e9rmica, mas a diminui\u00e7\u00e3o dessa temperatura n\u00e3o depende infelizmente s\u00f3 do Rio. \u00c9 preciso que a gente consiga construir uma pedagogia clim\u00e1tica, mas tamb\u00e9m construir uma ideia de que todas as cidades v\u00e3o construir com uma adapta\u00e7\u00e3o\u201d, concluiu.<br><\/p>\n","protected":false},"excerpt":{"rendered":"<p>Cidade pode superar 41,8\u00b0C, maior marca j\u00e1 registrada em fevereiro Por Cristina \u00cdndio do Brasil<\/p>\n","protected":false},"author":2,"featured_media":99261,"comment_status":"open","ping_status":"open","sticky":false,"template":"","format":"standard","meta":{"footnotes":""},"categories":[17],"tags":[],"class_list":["post-99260","post","type-post","status-publish","format-standard","has-post-thumbnail","hentry","category-outras-noticias"],"_links":{"self":[{"href":"https:\/\/tvc16.com\/portal\/wp-json\/wp\/v2\/posts\/99260","targetHints":{"allow":["GET"]}}],"collection":[{"href":"https:\/\/tvc16.com\/portal\/wp-json\/wp\/v2\/posts"}],"about":[{"href":"https:\/\/tvc16.com\/portal\/wp-json\/wp\/v2\/types\/post"}],"author":[{"embeddable":true,"href":"https:\/\/tvc16.com\/portal\/wp-json\/wp\/v2\/users\/2"}],"replies":[{"embeddable":true,"href":"https:\/\/tvc16.com\/portal\/wp-json\/wp\/v2\/comments?post=99260"}],"version-history":[{"count":1,"href":"https:\/\/tvc16.com\/portal\/wp-json\/wp\/v2\/posts\/99260\/revisions"}],"predecessor-version":[{"id":99262,"href":"https:\/\/tvc16.com\/portal\/wp-json\/wp\/v2\/posts\/99260\/revisions\/99262"}],"wp:featuredmedia":[{"embeddable":true,"href":"https:\/\/tvc16.com\/portal\/wp-json\/wp\/v2\/media\/99261"}],"wp:attachment":[{"href":"https:\/\/tvc16.com\/portal\/wp-json\/wp\/v2\/media?parent=99260"}],"wp:term":[{"taxonomy":"category","embeddable":true,"href":"https:\/\/tvc16.com\/portal\/wp-json\/wp\/v2\/categories?post=99260"},{"taxonomy":"post_tag","embeddable":true,"href":"https:\/\/tvc16.com\/portal\/wp-json\/wp\/v2\/tags?post=99260"}],"curies":[{"name":"wp","href":"https:\/\/api.w.org\/{rel}","templated":true}]}}