{"id":99263,"date":"2025-02-17T08:38:55","date_gmt":"2025-02-17T11:38:55","guid":{"rendered":"https:\/\/tvc16.com\/portal\/?p=99263"},"modified":"2025-02-17T08:38:57","modified_gmt":"2025-02-17T11:38:57","slug":"morre-vitima-de-incendio-em-fabrica-de-fantasias-no-rio","status":"publish","type":"post","link":"https:\/\/tvc16.com\/portal\/2025\/02\/17\/morre-vitima-de-incendio-em-fabrica-de-fantasias-no-rio\/","title":{"rendered":"Morre v\u00edtima de inc\u00eandio em f\u00e1brica de fantasias no Rio"},"content":{"rendered":"\n<p><em>Homem estava internado em hospital estadual na zona norte do Rio<\/em><\/p>\n\n\n\n<p>Por Ag\u00eancia Brasil \/ Foto: T\u00e2nia R\u00eago\/Ag\u00eancia Brasil<\/p>\n\n\n\n<p><\/p>\n\n\n\n<p>Morreu neste domingo (16) uma das v\u00edtimas do inc\u00eandio na f\u00e1brica de fantasias Maximus Confec\u00e7\u00f5es, que atendia \u00e0s escolas de samba da S\u00e9rie Ouro do carnaval do Rio de Janeiro. Rodrigo de Oliveira foi um dos 21 resgatados no local e estava internado desde ent\u00e3o no Hospital Estadual Get\u00falio Vargas, mas sua morte foi informada pela Secretaria de Estado de Sa\u00fade neste domingo.&nbsp;<img decoding=\"async\" src=\"https:\/\/agenciabrasil.ebc.com.br\/ebc.png?id=1630587&amp;o=node\"><img decoding=\"async\" src=\"https:\/\/agenciabrasil.ebc.com.br\/ebc.gif?id=1630587&amp;o=node\"><\/p>\n\n\n\n<p>O hospital continua com seis v\u00edtimas do inc\u00eandio internadas. Segundo a dire\u00e7\u00e3o da unidade, uma mulher apresentou melhora e seu estado de sa\u00fade \u00e9 est\u00e1vel, mas cinco feridos permanecem em estado grave. Outra v\u00edtima do incidente continua internada em estado est\u00e1vel no Hospital Municipal Souza Aguiar, segundo a Secretaria Municipal de Sa\u00fade do Rio de Janeiro.<\/p>\n\n\n\n<p>Rodrigo de Oliveira foi a \u00fanica v\u00edtima que morreu em por causa do inc\u00eandio, que ocorreu no in\u00edcio da manh\u00e3 de quarta-feira (12). A f\u00e1brica trabalhava em ritmo acelerado para entregar as fantasias de carnaval, e funcion\u00e1rios faziam turnos durante a madrugada e at\u00e9 mesmo dormiam no local.<\/p>\n\n\n\n<p>O&nbsp;<a href=\"https:\/\/agenciabrasil.ebc.com.br\/geral\/noticia\/2025-02\/ministerio-publico-do-trabalho-vai-investigar-confeccao-que-pegou-fogo\">Minist\u00e9rio P\u00fablico do Trabalho decidiu abrir uma investiga\u00e7\u00e3o<\/a>&nbsp;para conferir as condi\u00e7\u00f5es da confec\u00e7\u00e3o.&nbsp;<a href=\"https:\/\/agenciabrasil.ebc.com.br\/geral\/noticia\/2025-02\/fabrica-de-fantasia-que-pegou-fogo-nao-tinha-autorizacao-dos-bombeiros\">O pr\u00e9dio n\u00e3o tinha autoriza\u00e7\u00e3o do Corpo de Bombeiros<\/a>&nbsp;do Estado do Rio de Janeiro para funcionar e&nbsp;<a href=\"https:\/\/agenciabrasil.ebc.com.br\/geral\/noticia\/2025-02\/defesa-civil-do-rio-interdita-fabrica-de-fantasias-que-pegou-fogo\">foi interditado pela Defesa Civil<\/a>&nbsp;ap\u00f3s a ocorr\u00eancia.<\/p>\n\n\n\n<p>A Pol\u00edcia Civil tamb\u00e9m est\u00e1 investigando as causas do inc\u00eandio e&nbsp;<a href=\"https:\/\/agenciabrasil.ebc.com.br\/geral\/noticia\/2025-02\/policia-faz-nesta-quinta-feira-pericia-em-fabrica-que-pegou-fogo\">j\u00e1 periciou o local<\/a>.<\/p>\n","protected":false},"excerpt":{"rendered":"<p>Homem estava internado em hospital estadual na zona norte do Rio Por Ag\u00eancia Brasil \/<\/p>\n","protected":false},"author":2,"featured_media":99264,"comment_status":"open","ping_status":"open","sticky":false,"template":"","format":"standard","meta":{"footnotes":""},"categories":[17],"tags":[],"class_list":["post-99263","post","type-post","status-publish","format-standard","has-post-thumbnail","hentry","category-outras-noticias"],"_links":{"self":[{"href":"https:\/\/tvc16.com\/portal\/wp-json\/wp\/v2\/posts\/99263","targetHints":{"allow":["GET"]}}],"collection":[{"href":"https:\/\/tvc16.com\/portal\/wp-json\/wp\/v2\/posts"}],"about":[{"href":"https:\/\/tvc16.com\/portal\/wp-json\/wp\/v2\/types\/post"}],"author":[{"embeddable":true,"href":"https:\/\/tvc16.com\/portal\/wp-json\/wp\/v2\/users\/2"}],"replies":[{"embeddable":true,"href":"https:\/\/tvc16.com\/portal\/wp-json\/wp\/v2\/comments?post=99263"}],"version-history":[{"count":1,"href":"https:\/\/tvc16.com\/portal\/wp-json\/wp\/v2\/posts\/99263\/revisions"}],"predecessor-version":[{"id":99265,"href":"https:\/\/tvc16.com\/portal\/wp-json\/wp\/v2\/posts\/99263\/revisions\/99265"}],"wp:featuredmedia":[{"embeddable":true,"href":"https:\/\/tvc16.com\/portal\/wp-json\/wp\/v2\/media\/99264"}],"wp:attachment":[{"href":"https:\/\/tvc16.com\/portal\/wp-json\/wp\/v2\/media?parent=99263"}],"wp:term":[{"taxonomy":"category","embeddable":true,"href":"https:\/\/tvc16.com\/portal\/wp-json\/wp\/v2\/categories?post=99263"},{"taxonomy":"post_tag","embeddable":true,"href":"https:\/\/tvc16.com\/portal\/wp-json\/wp\/v2\/tags?post=99263"}],"curies":[{"name":"wp","href":"https:\/\/api.w.org\/{rel}","templated":true}]}}