{"id":99269,"date":"2025-02-17T08:54:59","date_gmt":"2025-02-17T11:54:59","guid":{"rendered":"https:\/\/tvc16.com\/portal\/?p=99269"},"modified":"2025-02-17T08:55:01","modified_gmt":"2025-02-17T11:55:01","slug":"cnu-familia-indigena-e-aprovada-para-funai","status":"publish","type":"post","link":"https:\/\/tvc16.com\/portal\/2025\/02\/17\/cnu-familia-indigena-e-aprovada-para-funai\/","title":{"rendered":"CNU: Fam\u00edlia ind\u00edgena \u00e9 aprovada para Funai"},"content":{"rendered":"\n<p><em>Pela primeira vez, o \u00f3rg\u00e3o tem reserva de 30% das vagas para ind\u00edgenas<\/em><\/p>\n\n\n\n<p>Por Mariana Tokarnia \u2013 Rep\u00f3rter da Ag\u00eancia Brasil \/ Foto: Marcelo Camargo\/Ag\u00eancia Brasil<\/p>\n\n\n\n<p><\/p>\n\n\n\n<p>A comemora\u00e7\u00e3o foi tripla quando o resultado do&nbsp;<a href=\"https:\/\/agenciabrasil.ebc.com.br\/geral\/noticia\/2025-02\/cnu-saiba-como-acessar-os-resultados-do-concurso\">Concurso P\u00fablico Nacional Unificado<\/a>&nbsp;(CNU) foi divulgado.&nbsp;Francisco de Assis, Daiana dos Santos,&nbsp;a esposa, e&nbsp;Elis\u00e2ngela de Assis,&nbsp;a irm\u00e3, foram aprovados para vagas na Funda\u00e7\u00e3o Nacional dos Povos Ind\u00edgenas (Funai).&nbsp;Os irm\u00e3os s\u00e3o da&nbsp;etnia Pankararu, e Daiana \u00e9 da etnia&nbsp;Atikum-Um\u00e3..<img decoding=\"async\" src=\"https:\/\/agenciabrasil.ebc.com.br\/ebc.png?id=1630450&amp;o=node\"><img decoding=\"async\" src=\"https:\/\/agenciabrasil.ebc.com.br\/ebc.gif?id=1630450&amp;o=node\"><\/p>\n\n\n\n<blockquote class=\"wp-block-quote is-layout-flow wp-block-quote-is-layout-flow\">\n<p>\u201cA felicidade na fam\u00edlia foi grande. Os tr\u00eas aprovados nas vagas imediatas para o \u00f3rg\u00e3o que nos assiste.&nbsp;Queremos a reestrutura\u00e7\u00e3o da Funai, a gente luta no movimento h\u00e1 muito tempo\u201d, disse Francisco.<\/p>\n<\/blockquote>\n\n\n\n<p>De acordo com a pr\u00f3pria Funai, \u00e9 a primeira vez&nbsp;que&nbsp;um concurso para o \u00f3rg\u00e3o \u00e9 realizado com reserva de vagas para ind\u00edgenas. Do total das 502 vagas ofertadas, 30% devem ser preenchidas por candidatos ind\u00edgenas. O objetivo \u00e9 garantir&nbsp;maior diversidade e inclus\u00e3o, al\u00e9m de fortalecer o \u00f3rg\u00e3o. Segundo a Funai, 9.339 ind\u00edgenas se inscreveram para as provas que ocorreram&nbsp;no dia 18 de agosto de 2024.<\/p>\n\n\n<div class=\"wp-block-image\">\n<figure class=\"alignleft\"><img decoding=\"async\" src=\"https:\/\/imagens.ebc.com.br\/hyoqT3jZvUU6sdmEbsRG8we7550=\/365x0\/smart\/https:\/\/agenciabrasil.ebc.com.br\/sites\/default\/files\/thumbnails\/image\/2025\/02\/14\/whatsapp_image_2025-02-13_at_15.20.34.jpeg?itok=QlMZtJsM\" alt=\"Rio de Janeiro (RJ), 14\/02\/2025 - Franciso Manoel de Assis Filho, aprovada para vaga na Funda\u00e7\u00e3o Nacional dos Povos Ind\u00edgenas (Funai) pelo Concurso P\u00fablico Nacional Unificado (CNU). Foto: Franciso Manoel de Assis Filho\/Arquivo Pessoal\" title=\"Franciso Manoel de Assis Filho\/Arquivo Pessoal\"\/><\/figure>\n<\/div>\n\n\n<h6 class=\"wp-block-heading\">&nbsp;Franciso Manoel de Assis Filho, comemorou a aprova\u00e7\u00e3o para Funai. Foto:&nbsp;<strong>Franciso Manoel de Assis Filho\/Arquivo Pessoal<\/strong><\/h6>\n\n\n\n<p>Francisco ficou em primeiro lugar para indigenista especializado &#8211; engenheiro agr\u00f4nomo. Ele est\u00e1 finalizando o doutorado e atualmente trabalha como extensionista rural no Instituto Agron\u00f4mico de Pernambuco (IPA). Para ele, a aprova\u00e7\u00e3o na Funai significa muito mais do que apenas assumir um cargo p\u00fablico.<\/p>\n\n\n\n<p>\u201cA gente \u00e9 do movimento ind\u00edgena, sabe das reivindica\u00e7\u00f5es, conhece a realidade da Funai. N\u00e3o \u00e9 uma quest\u00e3o de apenas se tornar um servidor p\u00fablico federal, mas de contribuir com a entidade que, de fato, nos assiste, e que \u00e9 competente para todos os pleitos\u201d, disse.<\/p>\n\n\n\n<p>A expectativa agora \u00e9 \u201ctentar ajudar no que for poss\u00edvel, dentro da nossa \u00e1rea de expertise, ralar diariamente e dar o melhor de n\u00f3s.\u201d.<\/p>\n\n\n\n<h2 class=\"wp-block-heading\">Anos de estudo<\/h2>\n\n\n\n<p>A fam\u00edlia vive em uma \u00e1rea &#8211; Taboa Pankararu &#8211; que fica entre Petrol\u00e2ndia (PE) e a Aldeia Brejinho da Serra, e onde Francisco \u00e9 uma das lideran\u00e7as. Da aldeia para cidade de Petrol\u00e2ndia s\u00e3o cerca de 18 km.<\/p>\n\n\n\n<p>Daiana, esposa de Francisco, foi aprovada em 43\u00ba lugar como indigenista especializada \u2013 qualquer \u00e1rea do conhecimento. \u201cSinceramente, ainda n\u00e3o caiu a ficha mesmo tendo visto o resultado, tanto que nem divulguei ainda\u201d, afirmou.<\/p>\n\n\n<div class=\"wp-block-image\">\n<figure class=\"alignleft\"><img decoding=\"async\" src=\"https:\/\/imagens.ebc.com.br\/FRqR6YaKWx0DaLIWjf3tLMEmj84=\/365x0\/smart\/https:\/\/agenciabrasil.ebc.com.br\/sites\/default\/files\/thumbnails\/image\/2025\/02\/14\/whatsapp_image_2025-02-12_at_17.16.27.jpeg?itok=t3sc-5OF\" alt=\"Rio de Janeiro (RJ), 14\/02\/2025 - Daiana Gon\u00e7alves dos Santos, aprovada para vaga na Funda\u00e7\u00e3o Nacional dos Povos Ind\u00edgenas (Funai) pelo Concurso P\u00fablico Nacional Unificado (CNU). Foto: Daiana Gon\u00e7alves\/Arquivo Pessoal\" title=\"Daiana Gon\u00e7alves\/Arquivo Pessoal\"\/><\/figure>\n<\/div>\n\n\n<h6 class=\"wp-block-heading\">Daiana Gon\u00e7alves dos Santos \u00e9 bacharel em enfermagem e especialista em sa\u00fade ind\u00edgena.&nbsp;Foto:&nbsp;<strong>Daiana Gon\u00e7alves\/Arquivo Pessoal<\/strong><\/h6>\n\n\n\n<p>Ela \u00e9 bacharel em enfermagem e especialista em sa\u00fade ind\u00edgena. \u201cMuitas comunidades est\u00e3o desassistidas por falta de pessoal. Por j\u00e1 ter experi\u00eancia em sa\u00fade ind\u00edgena e amar trabalhar junto \u00e0s nossas comunidades tive a certeza que, sendo servidora da Funai, estarei durante toda minha vida profissional trabalhando com o que me faz feliz, ajudando meu povo e meus parentes ind\u00edgenas, independente da etnia que trabalharei.\u201d<\/p>\n\n\n\n<p>O casal tem um filho de 4 anos e aguarda agora a convoca\u00e7\u00e3o e a defini\u00e7\u00e3o de onde ir\u00e3o trabalhar. Eles esperam poder ficar pr\u00f3ximos \u00e0 aldeia e \u00e0 fam\u00edlia. &nbsp;<\/p>\n\n\n\n<p><\/p>\n\n\n\n<p><\/p>\n\n\n<div class=\"wp-block-image\">\n<figure class=\"alignright\"><img decoding=\"async\" src=\"https:\/\/imagens.ebc.com.br\/sHkIsrVAMD_YI8JAVAToBYk47lQ=\/365x0\/smart\/https:\/\/agenciabrasil.ebc.com.br\/sites\/default\/files\/thumbnails\/image\/2025\/02\/14\/whatsapp_image_2025-02-13_at_15.18.44.jpeg?itok=PV8wRo8V\" alt=\"Rio de Janeiro (RJ), 14\/02\/2025 - Elis\u00e2ngela Silva de Assis, aprovada para vaga na Funda\u00e7\u00e3o Nacional dos Povos Ind\u00edgenas (Funai) pelo Concurso P\u00fablico Nacional Unificado (CNU). Foto: Elis\u00e2ngela Silva de Assis\/Arquivo Pessoal\" title=\"Elis\u00e2ngela Silva de Assis\/Arquivo Pessoal\"\/><\/figure>\n<\/div>\n\n\n<h6 class=\"wp-block-heading\">Elis\u00e2ngela Silva de Assis \u00e9 bacharel em engenharia agron\u00f4mica. Foto:&nbsp;<strong>Elis\u00e2ngela Silva de Assis\/Arquivo Pessoal<\/strong><\/h6>\n\n\n\n<p>Uma integrante da fam\u00edlia tamb\u00e9m estar\u00e1 no mesmo \u00f3rg\u00e3o, Elis\u00e2ngela, que \u00e9 irm\u00e3 de Francisco e mora ao lado do casal em Petrol\u00e2ndia. Assim como o irm\u00e3o, ela foi aprovada para a vaga de indigenista especializada &#8211; engenheira agr\u00f4noma, e ficou em quinto lugar. \u201cFoi gratificante, pois al\u00e9m de poder exercer a profiss\u00e3o de forma\u00e7\u00e3o no \u00f3rg\u00e3o que nos assiste, poderei ajudar nosso povo e os parentes. Fiquei feliz em ver o resultado de anos dedicados ao estudo, a agricultura e ao nosso povo\u201d, diz.<\/p>\n\n\n\n<p>Bacharel em engenharia agron\u00f4mica, ela acredita que foi o conhecimento adquirido ao longo da carreira que possibilitou sua aprova\u00e7\u00e3o. \u201cProcuro sempre estar atualizada na minha \u00e1rea profissional e em todas atualidades, pois o conhecimento \u00e9 a \u00fanica coisa que ningu\u00e9m vai tirar de voc\u00ea, al\u00e9m de ser transformador de vidas\u201d.<\/p>\n\n\n\n<p>A Funai \u00e9 especial para Elis\u00e2ngela.<\/p>\n\n\n\n<blockquote class=\"wp-block-quote is-layout-flow wp-block-quote-is-layout-flow\">\n<p>\u201c\u00c9 o \u00f3rg\u00e3o que nos representa, que nos assiste enquanto ind\u00edgenas, garante a preserva\u00e7\u00e3o dos nossos territ\u00f3rios, cultura, costumes, modo de vida de cada povo ind\u00edgena do pa\u00eds. Escolhi a Funai&nbsp;com o intuito de trabalhar em prol do meu povo e dos parentes de outras etnias, ajudando na reestrutura\u00e7\u00e3o da mesma, que \u00e9 vital para garantir nossos direitos.\u201d<\/p>\n<\/blockquote>\n\n\n\n<h2 class=\"wp-block-heading\">Reestrutura\u00e7\u00e3o da Funai<\/h2>\n\n\n\n<p>A Funai passa por um processo de reestrutura\u00e7\u00e3o ap\u00f3s o governo de Jair Bolsonaro. Nesse per\u00edodo, a funda\u00e7\u00e3o perdeu capacidade de atua\u00e7\u00e3o e recebeu cr\u00edticas sobre posicionamentos que n\u00e3o eram favor\u00e1veis aos povos ind\u00edgenas.<\/p>\n\n\n\n<p>Em 2023, j\u00e1 no governo de Luiz In\u00e1cio Lula da Silva, a Funai chegou at\u00e9 mesmo a pedir desculpas \u00e0s fam\u00edlias do indigenista Bruno Pereira e do jornalista Dom Phillips,&nbsp;<a href=\"https:\/\/agenciabrasil.ebc.com.br\/geral\/noticia\/2022-06\/ministro-confirma-que-restos-mortais-foram-achados-no-amazonas\" target=\"_blank\" rel=\"noreferrer noopener\">assassinados<\/a>&nbsp;em junho de 2022 no Vale do Javari, no Amazonas, por nota divulgada pelo \u00f3rg\u00e3o no mesmo m\u00eas. Segundo a pr\u00f3pria Funai, a nota amea\u00e7ava a Uni\u00e3o dos Povos Ind\u00edgenas do Vale do Javari (Univaja) de processo judicial e trazia uma&nbsp;<a href=\"https:\/\/agenciabrasil.ebc.com.br\/geral\/noticia\/2023-02\/funai-se-desculpa-com-familias-de-bruno-e-dom-por-nota-de-2022\" target=\"_blank\" rel=\"noreferrer noopener\">s\u00e9rie de inverdades contra Bruno e Dom<\/a>.&nbsp;<\/p>\n\n\n\n<p>Em 2024, foi institu\u00eddo um grupo de trabalho (GT) para a reestrutura\u00e7\u00e3o do \u00f3rg\u00e3o e dos cargos. Segundo a Funda\u00e7\u00e3o \u00e9 a primeira vez, em 56 anos de que um grupo de trabalho institu\u00eddo com essa finalidade \u00e9 composto por servidores da Funai, representantes do Minist\u00e9rio dos Povos Ind\u00edgenas, de organiza\u00e7\u00f5es ind\u00edgenas e entidades sindicais que representam os servidores.<\/p>\n\n\n\n<h2 class=\"wp-block-heading\">Cadastro reserva<\/h2>\n\n\n<div class=\"wp-block-image\">\n<figure class=\"alignleft\"><img decoding=\"async\" src=\"https:\/\/imagens.ebc.com.br\/rdFQ1OIuEP_du521ssBWIFyGakY=\/365x0\/smart\/https:\/\/agenciabrasil.ebc.com.br\/sites\/default\/files\/thumbnails\/image\/2025\/02\/14\/whatsapp_image_2025-02-11_at_15.18.46.jpeg?itok=QApaRos0\" alt=\"Rio de Janeiro (RJ), 14\/02\/2025 - Ezaul Santos, aprovada para vaga na Funda\u00e7\u00e3o Nacional dos Povos Ind\u00edgenas (Funai) pelo Concurso P\u00fablico Nacional Unificado (CNU). Foto: Ezaul Santos\/Arquivo Pessoal\" title=\"Ezaul Santos\/Arquivo Pessoal\"\/><\/figure>\n<\/div>\n\n\n<h6 class=\"wp-block-heading\">Graduado em nutri\u00e7\u00e3o, Ezaul Santos&nbsp;espera ser chamado no cadastro reserva. Foto: Ezaul Santos\/Arquivo Pessoal &#8211;&nbsp;<strong>Ezaul Santos\/Arquivo Pessoal<\/strong><\/h6>\n\n\n\n<p>Para Ezaul Santos, da etnia Nukini, em M\u00e2ncio Lima (AC), a convoca\u00e7\u00e3o dos ind\u00edgenas vai ajudar a transformar a Funai.<\/p>\n\n\n\n<blockquote class=\"wp-block-quote is-layout-flow wp-block-quote-is-layout-flow\">\n<p>\u201cFoi muito importante essa briga pelo espa\u00e7o, at\u00e9&nbsp;para os pr\u00f3prios ind\u00edgenas poderem ocupar um espa\u00e7o que \u00e9 seu. Um espa\u00e7o para trabalhar com as pessoas das suas aldeias, as pessoas da sua regi\u00e3o. Quem conhece as nossas regi\u00f5es, quem conhece nossas aldeias, somos n\u00f3s\u201d, ressaltou.<\/p>\n<\/blockquote>\n\n\n\n<p>Ezaul, que \u00e9 graduado em nutri\u00e7\u00e3o e ci\u00eancias ficou em 57\u00ba lugar para indigenista especializada \u2013 qualquer \u00e1rea do conhecimento, o que o colocou no cadastro reserva. Atualmente ele trabalha no Distrito Sanit\u00e1rio Especial de Sa\u00fade de Ind\u00edgenas Alto Rio Juru\u00e1, do Minist\u00e9rio da Sa\u00fade.<\/p>\n\n\n\n<blockquote class=\"wp-block-quote is-layout-flow wp-block-quote-is-layout-flow\">\n<p>\u201cCom certeza est\u00e1 entrando uma galera muito capacitada, ind\u00edgenas muito capacitados que tiveram que sair de suas aldeias para fazer sua gradua\u00e7\u00e3o, que hoje v\u00e3o estar dando retorno ao servi\u00e7o p\u00fablico federal.\u201d<\/p>\n<\/blockquote>\n\n\n\n<p>Ezaul e os demais classificados dentro do cadastro reserva est\u00e3o se mobilizando pela convoca\u00e7\u00e3o. Eles defendem que a Funai precisa dos funcion\u00e1rios, como ficou provado no trabalho realizado pelo GT. \u201cO cadastro de reserva vai ser muito importante porque apenas as vagas oferecidas n\u00e3o v\u00e3o suprir nem a metade da demanda apresentada hoje pela institui\u00e7\u00e3o.\u201d<br><\/p>\n","protected":false},"excerpt":{"rendered":"<p>Pela primeira vez, o \u00f3rg\u00e3o tem reserva de 30% das vagas para ind\u00edgenas Por Mariana<\/p>\n","protected":false},"author":2,"featured_media":99270,"comment_status":"open","ping_status":"open","sticky":false,"template":"","format":"standard","meta":{"footnotes":""},"categories":[17],"tags":[],"class_list":["post-99269","post","type-post","status-publish","format-standard","has-post-thumbnail","hentry","category-outras-noticias"],"_links":{"self":[{"href":"https:\/\/tvc16.com\/portal\/wp-json\/wp\/v2\/posts\/99269","targetHints":{"allow":["GET"]}}],"collection":[{"href":"https:\/\/tvc16.com\/portal\/wp-json\/wp\/v2\/posts"}],"about":[{"href":"https:\/\/tvc16.com\/portal\/wp-json\/wp\/v2\/types\/post"}],"author":[{"embeddable":true,"href":"https:\/\/tvc16.com\/portal\/wp-json\/wp\/v2\/users\/2"}],"replies":[{"embeddable":true,"href":"https:\/\/tvc16.com\/portal\/wp-json\/wp\/v2\/comments?post=99269"}],"version-history":[{"count":1,"href":"https:\/\/tvc16.com\/portal\/wp-json\/wp\/v2\/posts\/99269\/revisions"}],"predecessor-version":[{"id":99271,"href":"https:\/\/tvc16.com\/portal\/wp-json\/wp\/v2\/posts\/99269\/revisions\/99271"}],"wp:featuredmedia":[{"embeddable":true,"href":"https:\/\/tvc16.com\/portal\/wp-json\/wp\/v2\/media\/99270"}],"wp:attachment":[{"href":"https:\/\/tvc16.com\/portal\/wp-json\/wp\/v2\/media?parent=99269"}],"wp:term":[{"taxonomy":"category","embeddable":true,"href":"https:\/\/tvc16.com\/portal\/wp-json\/wp\/v2\/categories?post=99269"},{"taxonomy":"post_tag","embeddable":true,"href":"https:\/\/tvc16.com\/portal\/wp-json\/wp\/v2\/tags?post=99269"}],"curies":[{"name":"wp","href":"https:\/\/api.w.org\/{rel}","templated":true}]}}