{"id":99278,"date":"2025-02-17T09:02:53","date_gmt":"2025-02-17T12:02:53","guid":{"rendered":"https:\/\/tvc16.com\/portal\/?p=99278"},"modified":"2025-02-17T09:02:57","modified_gmt":"2025-02-17T12:02:57","slug":"policia-do-rio-faz-acao-para-prender-envolvidos-em-ataque-a-delegacia","status":"publish","type":"post","link":"https:\/\/tvc16.com\/portal\/2025\/02\/17\/policia-do-rio-faz-acao-para-prender-envolvidos-em-ataque-a-delegacia\/","title":{"rendered":"Pol\u00edcia do Rio faz a\u00e7\u00e3o para prender envolvidos em ataque \u00e0 delegacia"},"content":{"rendered":"\n<p><em>Ataque foi uma tentativa de resgate de dois criminosos<\/em><\/p>\n\n\n\n<p>Por Crisitna \u00cdndio do Brasil &#8211; rep\u00f3rter da Ag\u00eancia Brasil \/ Foto: Tomaz Silva\/Ag\u00eancia Brasil<\/p>\n\n\n\n<p><\/p>\n\n\n\n<p>A Pol\u00edcia Civil do Rio prendeu seis criminosos suspeitos de participa\u00e7\u00e3o em um ataque realizado por bandidos fortemente armados, na noite deste s\u00e1bado (15), \u00e0 60\u00aa DP, em Campos El\u00edseos, no munic\u00edpio de Duque de Caxias, na Baixada Fluminense. As pris\u00f5es ocorreram durante uma opera\u00e7\u00e3o que est\u00e1 sendo realizada nas comunidades Vai Quem Quer, Rua 7, Santa L\u00facia, Rasta e Rodrigues Alves, na cidade, para localizar e capturar os envolvidos no atentado. Ainda na a\u00e7\u00e3o, que continua em andamento, um homem foi morto e os agentes apreenderam uma granada e drogas.<img decoding=\"async\" src=\"https:\/\/agenciabrasil.ebc.com.br\/ebc.png?id=1630592&amp;o=node\"><img decoding=\"async\" src=\"https:\/\/agenciabrasil.ebc.com.br\/ebc.gif?id=1630592&amp;o=node\"><\/p>\n\n\n\n<p>De acordo com a Pol\u00edcia Civil, o ataque foi uma tentativa de resgate dos criminosos Rodolfo Manh\u00e3es Viana, conhecido como Rato, e o bra\u00e7o direito dele, Wesley de Souza do Esp\u00edrito Santo. Os dois tinham sido presos na tarde de ontem, durante opera\u00e7\u00e3o baseada em informa\u00e7\u00e3o de intelig\u00eancia, policiais civis da 60\u00aa DP (Campos El\u00edseos).<\/p>\n\n\n\n<p>Rodolfo Manh\u00e3es Viana, segundo a Pol\u00edcia Civil, \u00e9 chefe do tr\u00e1fico de drogas da comunidade Vai Quem Quer. \u201cNa ocasi\u00e3o, eles estavam com um fuzil, que foi apreendido pelos agentes. No in\u00edcio da noite, sob o comando de Joab da Concei\u00e7\u00e3o Silva, uma das lideran\u00e7as da fac\u00e7\u00e3o, dezenas de narcoterroristas entraram na delegacia na tentativa de resgatar os comparsas, que j\u00e1 haviam sido transferidos para a sede da Divis\u00e3o de Capturas e Pol\u00edcia Interestadual (DC-Polinter), na Cidade da Pol\u00edcia\u201d, informou em nota.<\/p>\n\n\n\n<p>\u201cA institui\u00e7\u00e3o informa que est\u00e1 solicitando a transfer\u00eancia dos dois presos que os narcoterroristas tentaram resgatar para pres\u00eddio federal\u201d, pontuou a secretaria.<\/p>\n\n\n\n<p>Na intensa troca de tiros entre os policiais e os criminosos, que ocorreu na tentativa de invas\u00e3o, dois agentes foram feridos e socorridos para o Hospital Ad\u00e3o Pereira Nunes. Os dois j\u00e1 receberam alta m\u00e9dica.<\/p>\n\n\n\n<p>Em seu perfil no Instagram, o governador do Rio, Cl\u00e1udio Castro, disse que todos os envolvidos ser\u00e3o presos e ainda mandou recado a pessoas que defendem os direitos humanos.<\/p>\n\n\n\n<p>\u201cA ousadia dos criminosos ao atacar uma delegacia de pol\u00edcia n\u00e3o vai ficar por isso mesmo.<\/p>\n\n\n\n<p>J\u00e1 identificamos todos eles e vamos peg\u00e1-los de qualquer jeito. E j\u00e1 vou avisando \u00e0 turminha dos \u201cdireitos humanos\u201d, n\u00e3o encham o meu saco, porque a resposta ser\u00e1 dura e na mesma propor\u00e7\u00e3o, s\u00f3 que com efetividade e dentro da lei\u201d, postou o governador.<br><\/p>\n","protected":false},"excerpt":{"rendered":"<p>Ataque foi uma tentativa de resgate de dois criminosos Por Crisitna \u00cdndio do Brasil &#8211;<\/p>\n","protected":false},"author":2,"featured_media":99279,"comment_status":"open","ping_status":"open","sticky":false,"template":"","format":"standard","meta":{"footnotes":""},"categories":[17],"tags":[],"class_list":["post-99278","post","type-post","status-publish","format-standard","has-post-thumbnail","hentry","category-outras-noticias"],"_links":{"self":[{"href":"https:\/\/tvc16.com\/portal\/wp-json\/wp\/v2\/posts\/99278","targetHints":{"allow":["GET"]}}],"collection":[{"href":"https:\/\/tvc16.com\/portal\/wp-json\/wp\/v2\/posts"}],"about":[{"href":"https:\/\/tvc16.com\/portal\/wp-json\/wp\/v2\/types\/post"}],"author":[{"embeddable":true,"href":"https:\/\/tvc16.com\/portal\/wp-json\/wp\/v2\/users\/2"}],"replies":[{"embeddable":true,"href":"https:\/\/tvc16.com\/portal\/wp-json\/wp\/v2\/comments?post=99278"}],"version-history":[{"count":1,"href":"https:\/\/tvc16.com\/portal\/wp-json\/wp\/v2\/posts\/99278\/revisions"}],"predecessor-version":[{"id":99280,"href":"https:\/\/tvc16.com\/portal\/wp-json\/wp\/v2\/posts\/99278\/revisions\/99280"}],"wp:featuredmedia":[{"embeddable":true,"href":"https:\/\/tvc16.com\/portal\/wp-json\/wp\/v2\/media\/99279"}],"wp:attachment":[{"href":"https:\/\/tvc16.com\/portal\/wp-json\/wp\/v2\/media?parent=99278"}],"wp:term":[{"taxonomy":"category","embeddable":true,"href":"https:\/\/tvc16.com\/portal\/wp-json\/wp\/v2\/categories?post=99278"},{"taxonomy":"post_tag","embeddable":true,"href":"https:\/\/tvc16.com\/portal\/wp-json\/wp\/v2\/tags?post=99278"}],"curies":[{"name":"wp","href":"https:\/\/api.w.org\/{rel}","templated":true}]}}