{"id":99283,"date":"2025-02-17T09:13:03","date_gmt":"2025-02-17T12:13:03","guid":{"rendered":"https:\/\/tvc16.com\/portal\/?p=99283"},"modified":"2025-02-17T09:13:06","modified_gmt":"2025-02-17T12:13:06","slug":"petropolis-sediara-o-1o-cont-in-rio-de-2025-impulsionando-a-economia-local-com-apoio-da-prefeitura","status":"publish","type":"post","link":"https:\/\/tvc16.com\/portal\/2025\/02\/17\/petropolis-sediara-o-1o-cont-in-rio-de-2025-impulsionando-a-economia-local-com-apoio-da-prefeitura\/","title":{"rendered":"Petr\u00f3polis sediar\u00e1 o 1\u00ba Cont in Rio de 2025, impulsionando a economia local com apoio da Prefeitura"},"content":{"rendered":"\n<p>O representante do Conselho Regional de Contabilidade do Rio de Janeiro (CRC-RJ), Felipe Ribeiro, esteve na Secretaria de Fazenda de Petr\u00f3polis para alinhar os detalhes do 1\u00ba Cont in Rio de 2025, que acontecer\u00e1 nos dias 20 e 21 de fevereiro no Villa Itaipava Resort &amp; Conventions. O evento deve reunir mais de 300 contadores do Rio de Janeiro e de outras regi\u00f5es do pa\u00eds.<\/p>\n\n\n\n<p>O Cont in Rio \u00e9 reconhecido por promover inova\u00e7\u00e3o e networking na \u00e1rea cont\u00e1bil. A programa\u00e7\u00e3o inclui mentorias com especialistas, o desafio \u201cShark Cont\u201d para ideias inovadoras, oportunidades de neg\u00f3cios com empresas de tecnologia e solu\u00e7\u00f5es cont\u00e1beis, al\u00e9m de momentos de confraterniza\u00e7\u00e3o. Em suas edi\u00e7\u00f5es anteriores, o projeto j\u00e1 contou com a participa\u00e7\u00e3o de mais de 3.500 profissionais, contribuindo para o desenvolvimento da classe cont\u00e1bil e da economia local.<\/p>\n\n\n\n<p>O prefeito de Petr\u00f3polis, Hingo Hammes, destacou a import\u00e2ncia do evento para a cidade: \u201cA realiza\u00e7\u00e3o do Cont in Rio em nossa cidade refor\u00e7a Petr\u00f3polis como polo de eventos de relev\u00e2ncia estadual e nacional, trazendo benef\u00edcios econ\u00f4micos e profissionais para nossa comunidade\u201d, aponta.<\/p>\n\n\n\n<p>\u201cEstamos comprometidos em apoiar iniciativas que impulsionem o desenvolvimento econ\u00f4mico e profissional de Petr\u00f3polis, e o Cont in Rio \u00e9 uma excelente oportunidade para isso\u201d, complementou o secret\u00e1rio de Fazenda, F\u00e1bio Junior.<\/p>\n\n\n\n<p><strong>Destina\u00e7\u00e3o do Imposto de Renda para fundos sociais<\/strong><\/p>\n\n\n\n<p>Outro ponto do encontro foi a quest\u00e3o do direcionamento de parte do Imposto de Renda devido aos Fundos dos Direitos da Crian\u00e7a e do Adolescente (FDCA) e aos Fundos dos Direitos da Pessoa Idosa (FDI). Pessoas f\u00edsicas que utilizam o modelo completo de declara\u00e7\u00e3o podem destinar at\u00e9 3% do imposto devido para cada fundo diretamente na Declara\u00e7\u00e3o de Ajuste Anual, totalizando at\u00e9 6%. Para pessoas jur\u00eddicas que apuram o imposto pelo lucro real, \u00e9 poss\u00edvel destinar at\u00e9 1% do imposto devido para cada fundo.<\/p>\n\n\n\n<p>\u201cEssas destina\u00e7\u00f5es n\u00e3o acarretam custos adicionais, pois os valores s\u00e3o deduzidos do imposto devido ou acrescidos \u00e0 restitui\u00e7\u00e3o. Os recursos s\u00e3o aplicados em projetos sociais que beneficiam crian\u00e7as, adolescentes e idosos em situa\u00e7\u00e3o de vulnerabilidade\u201d, ressaltou o representante do CRC-RJ, Felipe Ribeiro.<\/p>\n","protected":false},"excerpt":{"rendered":"<p>O representante do Conselho Regional de Contabilidade do Rio de Janeiro (CRC-RJ), Felipe Ribeiro, esteve<\/p>\n","protected":false},"author":2,"featured_media":99284,"comment_status":"open","ping_status":"open","sticky":false,"template":"","format":"standard","meta":{"footnotes":""},"categories":[12],"tags":[],"class_list":["post-99283","post","type-post","status-publish","format-standard","has-post-thumbnail","hentry","category-cidade"],"_links":{"self":[{"href":"https:\/\/tvc16.com\/portal\/wp-json\/wp\/v2\/posts\/99283","targetHints":{"allow":["GET"]}}],"collection":[{"href":"https:\/\/tvc16.com\/portal\/wp-json\/wp\/v2\/posts"}],"about":[{"href":"https:\/\/tvc16.com\/portal\/wp-json\/wp\/v2\/types\/post"}],"author":[{"embeddable":true,"href":"https:\/\/tvc16.com\/portal\/wp-json\/wp\/v2\/users\/2"}],"replies":[{"embeddable":true,"href":"https:\/\/tvc16.com\/portal\/wp-json\/wp\/v2\/comments?post=99283"}],"version-history":[{"count":1,"href":"https:\/\/tvc16.com\/portal\/wp-json\/wp\/v2\/posts\/99283\/revisions"}],"predecessor-version":[{"id":99285,"href":"https:\/\/tvc16.com\/portal\/wp-json\/wp\/v2\/posts\/99283\/revisions\/99285"}],"wp:featuredmedia":[{"embeddable":true,"href":"https:\/\/tvc16.com\/portal\/wp-json\/wp\/v2\/media\/99284"}],"wp:attachment":[{"href":"https:\/\/tvc16.com\/portal\/wp-json\/wp\/v2\/media?parent=99283"}],"wp:term":[{"taxonomy":"category","embeddable":true,"href":"https:\/\/tvc16.com\/portal\/wp-json\/wp\/v2\/categories?post=99283"},{"taxonomy":"post_tag","embeddable":true,"href":"https:\/\/tvc16.com\/portal\/wp-json\/wp\/v2\/tags?post=99283"}],"curies":[{"name":"wp","href":"https:\/\/api.w.org\/{rel}","templated":true}]}}