{"id":99286,"date":"2025-02-17T12:45:20","date_gmt":"2025-02-17T15:45:20","guid":{"rendered":"https:\/\/tvc16.com\/portal\/?p=99286"},"modified":"2025-02-17T12:45:24","modified_gmt":"2025-02-17T15:45:24","slug":"petropolis-e-plural-no-carnaval-tranquilidade-e-diversao-no-destino-ideal-da-serra","status":"publish","type":"post","link":"https:\/\/tvc16.com\/portal\/2025\/02\/17\/petropolis-e-plural-no-carnaval-tranquilidade-e-diversao-no-destino-ideal-da-serra\/","title":{"rendered":"Petr\u00f3polis \u00e9 plural no Carnaval: tranquilidade e divers\u00e3o no destino ideal da serra"},"content":{"rendered":"\n<p><em>Hot\u00e9is e pousadas j\u00e1 registram ocupa\u00e7\u00e3o hoteleira de 71,6%<\/em><\/p>\n\n\n\n<p>Enquanto os grandes centros vivem a efervesc\u00eancia do Carnaval, Petr\u00f3polis se firma como um ref\u00fagio vers\u00e1til para quem deseja uma experi\u00eancia \u00fanica: da tranquilidade das montanhas \u00e0 anima\u00e7\u00e3o dos bloquinhos e atra\u00e7\u00f5es locais. Com uma ocupa\u00e7\u00e3o hoteleira j\u00e1 em 71,6% segundo o Petr\u00f3polis Convention &amp; Visitors Bureau (PC&amp;VB), a expectativa \u00e9 de crescimento at\u00e9 o feriado, consolidando a cidade como um dos destinos mais procurados nesta \u00e9poca do ano.<\/p>\n\n\n\n<p>\u201cPetr\u00f3polis tem o equil\u00edbrio perfeito para todos os perfis de viajantes. Quem busca descanso encontra hospedagens aconchegantes e uma imers\u00e3o na natureza, enquanto aqueles que querem curtir a folia podem aproveitar os eventos espalhados pela cidade e depois recarregar as energias com conforto e exclusividade\u201d, destaca Fabiano Barros, presidente do PC&amp;VB.<\/p>\n\n\n\n<p>A programa\u00e7\u00e3o de Carnaval em Petr\u00f3polis inclui desde blocos de rua at\u00e9 festas em shoppings, restaurantes e pousadas. No Centro Hist\u00f3rico, hot\u00e9is tradicionais como o Hotel Reggia Catarina oferecem conforto e praticidade para quem deseja explorar as atra\u00e7\u00f5es culturais, como o Museu Imperial e o Pal\u00e1cio de Cristal.<\/p>\n\n\n\n<p>Para quem busca um retiro na natureza, o Vale das Videiras e a regi\u00e3o de Secret\u00e1rio oferecem experi\u00eancias diferenciadas. O Galp\u00e3o Caipira, por exemplo, proporciona uma imers\u00e3o no \u201cr\u00fastico chique\u201d, com trilhas, gastronomia local e um ambiente de total tranquilidade. Na Pousada Tankamana, em Itaipava, o clima intimista garante uma experi\u00eancia memor\u00e1vel.<\/p>\n\n\n\n<p>Hot\u00e9is e pousadas t\u00eam pacotes especiais no Carnaval e que se estendem at\u00e9 o domingo seguinte para aqueles que podem prolongar ainda mais a folga. A dica do Petr\u00f3polis Convention \u00e9 n\u00e3o deixar as reservas para a \u00faltima hora. S\u00e3o 6,5 mil leitos em 120 meios de hospedagem, a maior rede da regi\u00e3o serrana, mas as vagas ficam mais raras \u00e0 medida em que o feriad\u00e3o de Momo se aproxima. No site&nbsp;<a href=\"http:\/\/www.visitepetropolis.com\/\" rel=\"noreferrer noopener\" target=\"_blank\">www.visitepetropolis.com<\/a>&nbsp;s\u00e3o concentradas informa\u00e7\u00f5es doa associados ao PC&amp;VB com links para seus p\u00e1ginas e mais detalhes do per\u00edodo de Carnaval e ainda todo o ano de 2025.<\/p>\n\n\n\n<p><strong>Experi\u00eancias para todos os estilos<\/strong><\/p>\n\n\n\n<p>No Solar Fazenda do Cedro, a programa\u00e7\u00e3o de Carnaval combina gastronomia e entretenimento em meio \u00e0 paisagem deslumbrante da serra. Entre os destaques est\u00e3o a Feijoada da Fazenda e Noite Sertaneja, um piquenique carnavalesco com trio el\u00e9trico e um churrasco na piscina com show do grupo Vibe Arriscada.<\/p>\n\n\n\n<p>As pousadas da regi\u00e3o apostam em experi\u00eancias diferenciadas para os h\u00f3spedes. A Pousada das Araras oferece pacotes de cinco noites com caf\u00e9 da manh\u00e3 e atividades exclusivas, enquanto o Parador Santar\u00e9m combina tranquilidade e gastronomia, com um rod\u00edzio de pizza no s\u00e1bado e feijoada com m\u00fasica ao vivo no domingo.<\/p>\n\n\n\n<p>J\u00e1 a Pousada Para\u00edso aposta no contato com a natureza, com trilhas guiadas, piscina natural, mini golf, arco e flecha e at\u00e9 atividades artesanais. Quem preferir pode optar pelo day-use, que inclui almo\u00e7o e acesso \u00e0s atra\u00e7\u00f5es do espa\u00e7o.<\/p>\n\n\n\n<p><strong>Agito nos hot\u00e9is e shoppings<\/strong><\/p>\n\n\n\n<p>No Castelo de Itaipava, a folia ganha um toque especial com eventos tem\u00e1ticos: Her\u00f3is + DJ + pagode no s\u00e1bado, circo e banda no domingo e segunda-feira, sempre das 13h \u00e0s 18h. No shopping Esta\u00e7\u00e3o Locanda, na \u00e1rea externa, rola programa\u00e7\u00e3o todos os dias de Carnaval para crian\u00e7as e adultos, com&nbsp;&nbsp;bailinhos \u00e0s 16h e \u201cbail\u00f5es\u201d a partir das 19h.<\/p>\n\n\n\n<p>No Shopping Vilarejo, a 13\u00aa edi\u00e7\u00e3o do Carnaval do Taru\u00edra acontece nos dias 2, 3 e 4 de mar\u00e7o, a partir das 17h, na Pra\u00e7a do Sol, sempre com entrada franca. Com um repert\u00f3rio que passeia por marchinhas, sambas e choro, o grupo Taru\u00edra contar\u00e1 com uma forma\u00e7\u00e3o especial de m\u00fasicos e participa\u00e7\u00f5es de cantoras convidadas. Al\u00e9m disso, os pets tamb\u00e9m ter\u00e3o seu espa\u00e7o na folia com o&nbsp;<em>Carnavau Au Au<\/em>. No s\u00e1bado (1\u00ba), \u00e0s 16h, os bichinhos desfilam suas fantasias no evento que j\u00e1 virou tradi\u00e7\u00e3o. A melhor dupla fantasia entre crian\u00e7a e pet ganhar\u00e1 um overboard (patinete el\u00e9trico).<\/p>\n\n\n\n<p>Enquanto isso, o Shopping Esta\u00e7\u00e3o Locanda tamb\u00e9m prepara uma programa\u00e7\u00e3o especial ao ar livre, no estacionamento, com bailes tem\u00e1ticos e muito samba. No s\u00e1bado (1\u00ba), o&nbsp;<em>Baile do Aladim<\/em>&nbsp;abre a festa \u00e0s 16h, seguido pelo show de Pedro Ribeiro \u00e0s 19h. No domingo (2), \u00e9 a vez do&nbsp;<em>Baile dos Piratas<\/em>&nbsp;e do&nbsp;<em>Bloco Vai D\u00e1 M<\/em>&nbsp;agitarem a noite. A segunda-feira (3) traz o&nbsp;<em>Baile Tropical<\/em>&nbsp;e a&nbsp;<em>Batucada Black<\/em>, e na ter\u00e7a-feira (4), o encerramento fica por conta do&nbsp;<em>Bloco Vai D\u00e1 M<\/em>.<\/p>\n\n\n\n<p>Para quem deseja curtir a folia em fam\u00edlia, o Carnaval no Hiper, no Alto da Serra, traz uma s\u00e9rie de matin\u00eas infantis com personagens e tatuagens tempor\u00e1rias para as crian\u00e7as, al\u00e9m de atra\u00e7\u00f5es como o Baile de Carnaval com o cover dos Mamonas Assassinas e muito samba na pra\u00e7a de alimenta\u00e7\u00e3o. A programa\u00e7\u00e3o vai de sexta a ter\u00e7a-feira de Carnaval e no dia 08 ainda rola o Baile da Ressaquinha, que \u00e9 encerrar a folia.<\/p>\n\n\n\n<p><strong>Confira alguma das programa\u00e7\u00f5es confirmadas em shoppings, hot\u00e9is e restaurantes:<\/strong><\/p>\n\n\n\n<p><strong>Solar Fazenda do Cedro<\/strong><\/p>\n\n\n\n<p>Localizada em um ambiente tranquilo, o Solar Fazenda do Cedro oferece uma programa\u00e7\u00e3o diversificada:<\/p>\n\n\n\n<ul class=\"wp-block-list\">\n<li><strong>Sexta-feira (28\/02):<\/strong>\u00a0Boas-vindas com queijos e vinhos.<\/li>\n\n\n\n<li><strong>S\u00e1bado (01\/03):<\/strong>\u00a0Feijoada da fazenda e noite sertaneja com quitutes de festa caipira.<\/li>\n\n\n\n<li><strong>Domingo (02\/03):<\/strong>\u00a0Churrasco \u00e0 beira da piscina com o grupo Vibe Arriscada no almo\u00e7o e noite de m\u00e1gica com Rodrigo Ga\u00facho.<\/li>\n\n\n\n<li><strong>Segunda-feira (03\/03):<\/strong>\u00a0Piquenique carnavalesco com trio el\u00e9trico da fazenda.<\/li>\n\n\n\n<li><strong>Ter\u00e7a-feira (04\/03):<\/strong>\u00a0Noite de boteco com m\u00fasica ao vivo de B\u00e1rbara Paiva.<\/li>\n<\/ul>\n\n\n\n<p><strong>Parador Santar\u00e9m<\/strong><\/p>\n\n\n\n<p>Ideal para aqueles que desejam tranquilidade durante a folia, o Parador Santar\u00e9m apresenta:<\/p>\n\n\n\n<ul class=\"wp-block-list\">\n<li><strong>S\u00e1bado (01\/03):<\/strong>\u00a0Rod\u00edzio de pizza.<\/li>\n\n\n\n<li><strong>Domingo (02\/03):<\/strong>\u00a0Feijoada com m\u00fasica ao vivo.<\/li>\n<\/ul>\n\n\n\n<p><strong>Castelo de Itaipava<\/strong><\/p>\n\n\n\n<p>Para os que buscam agito, o Castelo de Itaipava preparou uma programa\u00e7\u00e3o especial:<\/p>\n\n\n\n<ul class=\"wp-block-list\">\n<li><strong>S\u00e1bado (01\/03):<\/strong>\u00a0Her\u00f3is + DJ + Pagode.<\/li>\n\n\n\n<li><strong>Domingo (02\/03):<\/strong>\u00a0Circo + DJ + Banda.<\/li>\n\n\n\n<li><strong>Segunda-feira (03\/03):<\/strong>\u00a0Circo + DJ + Banda.<\/li>\n<\/ul>\n\n\n\n<p>As atividades ocorrem diariamente, das 13h \u00e0s 18h.<\/p>\n\n\n\n<p><strong>Shopping Vilarejo<\/strong><\/p>\n\n\n\n<p>Com entrada franca, rolam os bailinhos do Taru\u00edra, folia para todas as idades<\/p>\n\n\n\n<p>\u2022&nbsp;<strong>01\/03 (s\u00e1bado)<\/strong>: 16h:&nbsp;<em>Carnavau Au Au<\/em>&nbsp;\u2013 desfile de fantasias pet \u2013 Pra\u00e7a do Sol.<br>\u2022&nbsp;<strong>02\/03 (domingo):<\/strong>&nbsp;17h:&nbsp;<em>Carnaval do Taru\u00edra<\/em>&nbsp;\u2013 Pra\u00e7a do Sol.<br>\u2022&nbsp;<strong>03\/03 (segunda):<\/strong>&nbsp;17h:&nbsp;<em>Carnaval do Taru\u00edra<\/em>&nbsp;\u2013 Pra\u00e7a do Sol.<br>\u2022&nbsp;<strong>04\/03 (ter\u00e7a)<\/strong>: 17h:&nbsp;<em>Carnaval do Taru\u00edra<\/em>&nbsp;\u2013 Pra\u00e7a do Sol.<\/p>\n\n\n\n<p><strong>Carnaval no Hiper<\/strong><\/p>\n\n\n\n<p>O Hipermercado Extra, no Alto da Serra, promove uma s\u00e9rie de eventos para toda a fam\u00edlia:<\/p>\n\n\n\n<ul class=\"wp-block-list\">\n<li><strong>28\/02 (sexta):<\/strong>\u00a019h-22h: Samba na Pra\u00e7a com Marcos Paulo e Maquininha.<\/li>\n\n\n\n<li><strong>01\/03 (s\u00e1bado):<\/strong>\u00a015h-18h: Matin\u00ea infantil \u2013 primeiro piso. 19h-22h: Baile de Carnaval com Cover dos Mamonas, banda Creuzebeck Mamonas RJ.<\/li>\n\n\n\n<li><strong>02\/03 (domingo):<\/strong>\u00a015h-18h: Matin\u00ea infantil \u2013 ao lado da Pra\u00e7a de Alimenta\u00e7\u00e3o. 19h-22h: Samba na Pra\u00e7a com Bruno Chiozzo Duo.<\/li>\n\n\n\n<li><strong>03\/03 (segunda):<\/strong>\u00a015h-18h: Matin\u00ea infantil \u2013 ao lado da Pra\u00e7a de Alimenta\u00e7\u00e3o. 19h-22h: Samba na Pra\u00e7a com o pagodeiro Huud.<\/li>\n\n\n\n<li><strong>04\/03 (ter\u00e7a):<\/strong>\u00a015h-18h: Matin\u00ea infantil \u2013 ao lado da Pra\u00e7a de Alimenta\u00e7\u00e3o. 19h-22h: Samba na Pra\u00e7a com Marcos Paulo e Maquininha.<\/li>\n\n\n\n<li><strong>08\/03 (s\u00e1bado):<\/strong>\u00a015h-18h: Baile da Ressaquinha \u2013 primeiro piso.<\/li>\n<\/ul>\n\n\n\n<p>Shopping Esta\u00e7\u00e3o Locanda<\/p>\n\n\n\n<p><strong>\u2022 01\/03 (s\u00e1bado):<\/strong>&nbsp;16h: Baile do Aladim \u2013 \u00e1rea externa (estacionamento). 19h: Samba com Pedro Ribeiro \u2013 \u00e1rea externa (estacionamento).<\/p>\n\n\n\n<p><strong>\u2022 02\/03 (domingo):<\/strong>&nbsp;16h: Baile dos Piratas \u2013 \u00e1rea externa (estacionamento). 19h: Bloco Vai D\u00e1 M \u2013 \u00e1rea externa (estacionamento).<\/p>\n\n\n\n<p><strong>\u2022 03\/03 (segunda):<\/strong>&nbsp;16h: Baile Tropical \u2013 \u00e1rea externa (estacionamento). 19h: Baile dos Aqualoucos com Batucada Black \u2013 \u00e1rea externa (estacionamento).<\/p>\n\n\n\n<p><strong>\u2022 04\/03 (ter\u00e7a):<\/strong>&nbsp;19h: Bloco Vai D\u00e1 M \u2013 \u00e1rea externa (estacionamento).<\/p>\n","protected":false},"excerpt":{"rendered":"<p>Hot\u00e9is e pousadas j\u00e1 registram ocupa\u00e7\u00e3o hoteleira de 71,6% Enquanto os grandes centros vivem a<\/p>\n","protected":false},"author":2,"featured_media":99287,"comment_status":"open","ping_status":"open","sticky":false,"template":"","format":"standard","meta":{"footnotes":""},"categories":[12],"tags":[],"class_list":["post-99286","post","type-post","status-publish","format-standard","has-post-thumbnail","hentry","category-cidade"],"_links":{"self":[{"href":"https:\/\/tvc16.com\/portal\/wp-json\/wp\/v2\/posts\/99286","targetHints":{"allow":["GET"]}}],"collection":[{"href":"https:\/\/tvc16.com\/portal\/wp-json\/wp\/v2\/posts"}],"about":[{"href":"https:\/\/tvc16.com\/portal\/wp-json\/wp\/v2\/types\/post"}],"author":[{"embeddable":true,"href":"https:\/\/tvc16.com\/portal\/wp-json\/wp\/v2\/users\/2"}],"replies":[{"embeddable":true,"href":"https:\/\/tvc16.com\/portal\/wp-json\/wp\/v2\/comments?post=99286"}],"version-history":[{"count":1,"href":"https:\/\/tvc16.com\/portal\/wp-json\/wp\/v2\/posts\/99286\/revisions"}],"predecessor-version":[{"id":99288,"href":"https:\/\/tvc16.com\/portal\/wp-json\/wp\/v2\/posts\/99286\/revisions\/99288"}],"wp:featuredmedia":[{"embeddable":true,"href":"https:\/\/tvc16.com\/portal\/wp-json\/wp\/v2\/media\/99287"}],"wp:attachment":[{"href":"https:\/\/tvc16.com\/portal\/wp-json\/wp\/v2\/media?parent=99286"}],"wp:term":[{"taxonomy":"category","embeddable":true,"href":"https:\/\/tvc16.com\/portal\/wp-json\/wp\/v2\/categories?post=99286"},{"taxonomy":"post_tag","embeddable":true,"href":"https:\/\/tvc16.com\/portal\/wp-json\/wp\/v2\/tags?post=99286"}],"curies":[{"name":"wp","href":"https:\/\/api.w.org\/{rel}","templated":true}]}}