{"id":99292,"date":"2025-02-17T12:51:18","date_gmt":"2025-02-17T15:51:18","guid":{"rendered":"https:\/\/tvc16.com\/portal\/?p=99292"},"modified":"2025-02-17T12:51:30","modified_gmt":"2025-02-17T15:51:30","slug":"agora-e-lei-transparencia-e-eficiencia-no-transporte-publico-de-petropolis","status":"publish","type":"post","link":"https:\/\/tvc16.com\/portal\/2025\/02\/17\/agora-e-lei-transparencia-e-eficiencia-no-transporte-publico-de-petropolis\/","title":{"rendered":"AGORA \u00c9 LEI: Transpar\u00eancia e Efici\u00eancia no Transporte P\u00fablico de Petr\u00f3polis"},"content":{"rendered":"\n<p>Foi sancionada a Lei n\u00ba 8978\/25, que estabelece a obrigatoriedade de publica\u00e7\u00e3o mensal de relat\u00f3rios detalhados sobre as fiscaliza\u00e7\u00f5es realizadas pela Companhia Petropolitana de Tr\u00e2nsito e Transporte (CPTrans), visando \u00e0 transpar\u00eancia na gest\u00e3o do transporte coletivo no munic\u00edpio.<\/p>\n\n\n\n<p>A proposta, de autoria da vereadora J\u00falia Casamasso, foi sancionada no \u00faltimo dia 14 de janeiro e tem como objetivo garantir que os cidad\u00e3os possam acompanhar, com maior clareza e regularidade, a qualidade do servi\u00e7o prestado pela CPTrans.<\/p>\n\n\n\n<p>A CPTrans deve emitir e divulgar, at\u00e9 o d\u00e9cimo dia \u00fatil de cada m\u00eas, relat\u00f3rios sobre as fiscaliza\u00e7\u00f5es realizadas durante o m\u00eas anterior, que dever\u00e3o incluir informa\u00e7\u00f5es sobre ve\u00edculos que apresentaram problemas t\u00e9cnicos ou mec\u00e2nicos, incluindo a descri\u00e7\u00e3o dos defeitos e a data da fiscaliza\u00e7\u00e3o. Tamb\u00e9m ser\u00e1 exigido o \u00edndice de n\u00e3o cumprimento de viagens e itiner\u00e1rios, com a devida justificativa por linha de \u00f4nibus.<\/p>\n\n\n\n<p>A vereadora J\u00falia Casamasso destaca que a lei busca melhorar a qualidade do servi\u00e7o prestado \u00e0 popula\u00e7\u00e3o, garantindo mais clareza e controle sobre o transporte p\u00fablico. \u201cO relat\u00f3rio mensal \u00e9 uma conquista importante para a transpar\u00eancia do transporte p\u00fablico em Petr\u00f3polis. E o primeiro relat\u00f3rio, que foi publicado no dia 13 de janeiro, reflete aquilo que o povo j\u00e1 vinha denunciando h\u00e1 muito tempo: o servi\u00e7o prestado pela empresa TURP est\u00e1 muito aqu\u00e9m do que a popula\u00e7\u00e3o de Petr\u00f3polis merece. No total, foram mais de 1.800 viagens n\u00e3o realizadas no m\u00eas de janeiro \u2014 uma m\u00e9dia de mais de 60 por dia, cerca de 5% das programadas \u2014 prejudicando quem depende do transporte,\u201d afirmou Casamasso.<\/p>\n\n\n\n<p>Al\u00e9m de tornar os dados acess\u00edveis para a popula\u00e7\u00e3o, os relat\u00f3rios dever\u00e3o ser publicados no site oficial da CPTrans, permitindo a consulta p\u00fablica e o acompanhamento em tempo real dos resultados das fiscaliza\u00e7\u00f5es.<\/p>\n\n\n\n<p>A proposi\u00e7\u00e3o visa aumentar a transpar\u00eancia e efici\u00eancia na gest\u00e3o do transporte p\u00fablico coletivo, permitindo \u00e0 popula\u00e7\u00e3o de Petr\u00f3polis acompanhar os problemas t\u00e9cnicos e a regularidade das viagens realizadas. A medida contribui para o aprimoramento cont\u00ednuo do sistema de transporte, tornando-o mais confi\u00e1vel e eficiente para todos os cidad\u00e3os.<\/p>\n","protected":false},"excerpt":{"rendered":"<p>Foi sancionada a Lei n\u00ba 8978\/25, que estabelece a obrigatoriedade de publica\u00e7\u00e3o mensal de relat\u00f3rios<\/p>\n","protected":false},"author":2,"featured_media":12956,"comment_status":"open","ping_status":"open","sticky":false,"template":"","format":"standard","meta":{"footnotes":""},"categories":[12],"tags":[],"class_list":["post-99292","post","type-post","status-publish","format-standard","has-post-thumbnail","hentry","category-cidade"],"_links":{"self":[{"href":"https:\/\/tvc16.com\/portal\/wp-json\/wp\/v2\/posts\/99292","targetHints":{"allow":["GET"]}}],"collection":[{"href":"https:\/\/tvc16.com\/portal\/wp-json\/wp\/v2\/posts"}],"about":[{"href":"https:\/\/tvc16.com\/portal\/wp-json\/wp\/v2\/types\/post"}],"author":[{"embeddable":true,"href":"https:\/\/tvc16.com\/portal\/wp-json\/wp\/v2\/users\/2"}],"replies":[{"embeddable":true,"href":"https:\/\/tvc16.com\/portal\/wp-json\/wp\/v2\/comments?post=99292"}],"version-history":[{"count":1,"href":"https:\/\/tvc16.com\/portal\/wp-json\/wp\/v2\/posts\/99292\/revisions"}],"predecessor-version":[{"id":99293,"href":"https:\/\/tvc16.com\/portal\/wp-json\/wp\/v2\/posts\/99292\/revisions\/99293"}],"wp:featuredmedia":[{"embeddable":true,"href":"https:\/\/tvc16.com\/portal\/wp-json\/wp\/v2\/media\/12956"}],"wp:attachment":[{"href":"https:\/\/tvc16.com\/portal\/wp-json\/wp\/v2\/media?parent=99292"}],"wp:term":[{"taxonomy":"category","embeddable":true,"href":"https:\/\/tvc16.com\/portal\/wp-json\/wp\/v2\/categories?post=99292"},{"taxonomy":"post_tag","embeddable":true,"href":"https:\/\/tvc16.com\/portal\/wp-json\/wp\/v2\/tags?post=99292"}],"curies":[{"name":"wp","href":"https:\/\/api.w.org\/{rel}","templated":true}]}}