{"id":99294,"date":"2025-02-17T17:59:32","date_gmt":"2025-02-17T20:59:32","guid":{"rendered":"https:\/\/tvc16.com\/portal\/?p=99294"},"modified":"2025-02-17T17:59:36","modified_gmt":"2025-02-17T20:59:36","slug":"inmet-preve-calor-intenso-no-sudeste-e-temporais-no-sul","status":"publish","type":"post","link":"https:\/\/tvc16.com\/portal\/2025\/02\/17\/inmet-preve-calor-intenso-no-sudeste-e-temporais-no-sul\/","title":{"rendered":"Inmet prev\u00ea calor intenso no Sudeste e temporais no Sul"},"content":{"rendered":"\n<p>Term\u00f4metros podem ultrapassar em 5\u00baC a m\u00e9dia da temperatura do m\u00eas<\/p>\n\n\n\n<p>Os pr\u00f3ximos dias ser\u00e3o de calor intenso no Sudeste e de temporais no Sul do Brasil. No Rio de Janeiro, os term\u00f4metros\u00a0devem marcar 41 graus Celsius (\u00b0C) nesta segunda-feira (17), informou o Instituto Nacional de Meteorologia (Inmet)\u00a0em nota.<img decoding=\"async\" src=\"https:\/\/agenciabrasil.ebc.com.br\/ebc.png?id=1630628&amp;o=node\"><img decoding=\"async\" src=\"https:\/\/agenciabrasil.ebc.com.br\/ebc.gif?id=1630628&amp;o=node\"><\/p>\n\n\n\n<p>O clima continuar\u00e1 quente em \u00e1reas do Sudeste do pa\u00eds, em especial no estado de S\u00e3o Paulo, Minas Gerais; no sul do Esp\u00edrito Santo e no nordeste do Paran\u00e1, al\u00e9m do Rio de Janeiro. \u201cPontualmente, os term\u00f4metros podem ultrapassar os 5\u00b0C acima da m\u00e9dia da temperatura do m\u00eas\u201d, destacou o instituto..<\/p>\n\n\n\n<p>J\u00e1 no\u00a0Sul do pa\u00eds, a previs\u00e3o \u00e9 de \u201cpancadas de chuva que podem ser pontualmente fortes, com aviso laranja de perigo para tempestade nesta segunda-feira, englobando \u00e1reas dos tr\u00eas estados da regi\u00e3o. A previs\u00e3o \u00e9 de chuvas de at\u00e9 100 mm, ventos de at\u00e9 100 km\/h e possibilidade de queda de granizo\u201d, detalhou o Inmet.<\/p>\n\n\n\n<p>H\u00e1 expectativas de que essas tempestades cheguem ao extremo sul de S\u00e3o Paulo, ao Mato Grosso do Sul, ao Rio Grande do Sul, a&nbsp;Santa Catarina e a \u00e1reas do Paran\u00e1, com aviso de \u201cperigo potencial e chuvas que podem chegar a 50 mil\u00edmetros\u201d.<\/p>\n\n\n\n<p>No resto do pa\u00eds, h\u00e1 previs\u00e3o de chuvas intensas e muita instabilidade em \u00e1reas das regi\u00f5es Norte, Nordeste e Centro-Oeste.<\/p>\n\n\n\n<p>\u201cNa faixa norte do pa\u00eds, entre o Amap\u00e1 e o Maranh\u00e3o, alcan\u00e7ando ainda o litoral da Para\u00edba, as chuvas s\u00e3o motivadas pelo deslocamento da Zona de Converg\u00eancia Intertropical (ZCIT) mais ao sul, causando volumes que podem chegar a 50 mil\u00edmetros em precipita\u00e7\u00f5es e rajadas de vento de at\u00e9 60 km\/h\u201d, complementa o Inmet.<\/p>\n\n\n\n<p>Por Pedro Peduzzi &#8211; Rep\u00f3rter da Ag\u00eancia Brasil<\/p>\n\n\n\n<p>Foto  Fernando Fraz\u00e3o\/Ag\u00eancia Brasil<\/p>\n","protected":false},"excerpt":{"rendered":"<p>Term\u00f4metros podem ultrapassar em 5\u00baC a m\u00e9dia da temperatura do m\u00eas Os pr\u00f3ximos dias ser\u00e3o<\/p>\n","protected":false},"author":2,"featured_media":99295,"comment_status":"open","ping_status":"open","sticky":false,"template":"","format":"standard","meta":{"footnotes":""},"categories":[17],"tags":[],"class_list":["post-99294","post","type-post","status-publish","format-standard","has-post-thumbnail","hentry","category-outras-noticias"],"_links":{"self":[{"href":"https:\/\/tvc16.com\/portal\/wp-json\/wp\/v2\/posts\/99294","targetHints":{"allow":["GET"]}}],"collection":[{"href":"https:\/\/tvc16.com\/portal\/wp-json\/wp\/v2\/posts"}],"about":[{"href":"https:\/\/tvc16.com\/portal\/wp-json\/wp\/v2\/types\/post"}],"author":[{"embeddable":true,"href":"https:\/\/tvc16.com\/portal\/wp-json\/wp\/v2\/users\/2"}],"replies":[{"embeddable":true,"href":"https:\/\/tvc16.com\/portal\/wp-json\/wp\/v2\/comments?post=99294"}],"version-history":[{"count":1,"href":"https:\/\/tvc16.com\/portal\/wp-json\/wp\/v2\/posts\/99294\/revisions"}],"predecessor-version":[{"id":99296,"href":"https:\/\/tvc16.com\/portal\/wp-json\/wp\/v2\/posts\/99294\/revisions\/99296"}],"wp:featuredmedia":[{"embeddable":true,"href":"https:\/\/tvc16.com\/portal\/wp-json\/wp\/v2\/media\/99295"}],"wp:attachment":[{"href":"https:\/\/tvc16.com\/portal\/wp-json\/wp\/v2\/media?parent=99294"}],"wp:term":[{"taxonomy":"category","embeddable":true,"href":"https:\/\/tvc16.com\/portal\/wp-json\/wp\/v2\/categories?post=99294"},{"taxonomy":"post_tag","embeddable":true,"href":"https:\/\/tvc16.com\/portal\/wp-json\/wp\/v2\/tags?post=99294"}],"curies":[{"name":"wp","href":"https:\/\/api.w.org\/{rel}","templated":true}]}}