{"id":99300,"date":"2025-02-17T18:17:09","date_gmt":"2025-02-17T21:17:09","guid":{"rendered":"https:\/\/tvc16.com\/portal\/?p=99300"},"modified":"2025-02-17T18:17:11","modified_gmt":"2025-02-17T21:17:11","slug":"rio-open-2025-claudio-castro-anuncia-abertura-da-chave-principal-do-torneio","status":"publish","type":"post","link":"https:\/\/tvc16.com\/portal\/2025\/02\/17\/rio-open-2025-claudio-castro-anuncia-abertura-da-chave-principal-do-torneio\/","title":{"rendered":"Rio Open 2025: Cl\u00e1udio Castro anuncia abertura da chave principal do torneio"},"content":{"rendered":"\n<p>Evento \u00e9 realizado com apoio da Lei Estadual de Incentivo ao Esporte, com investimento de mais de R$ 17,6 milh\u00f5es<\/p>\n\n\n\n<p>A chave principal do Rio Open, maior torneio de t\u00eanis da Am\u00e9rica do Sul, est\u00e1 oficialmente aberta. O an\u00fancio aconteceu nesta segunda-feira (17\/02), no Pal\u00e1cio das Laranjeiras, na Zona Sul do Rio, onde o governador Cl\u00e1udio Castro, acompanhado do secret\u00e1rio de Esporte e Lazer, Rafael Picciani, recebeu a comitiva da competi\u00e7\u00e3o.<\/p>\n\n\n\n<p>O torneio, que tem a final marcada para o pr\u00f3ximo domingo (23\/02), no Jockey Club da G\u00e1vea, recebeu apoio da Lei Estadual de Incentivo ao Esporte, com investimento de mais de R$ 17,6 milh\u00f5es. A cerim\u00f4nia tamb\u00e9m contou com a presen\u00e7a do tenista n\u00famero 2 do ranking mundial, o alem\u00e3o Alexander Zverev, e dos atletas brasileiros Marcelo Melo e Rafael Matos.<\/p>\n\n\n\n<ul class=\"wp-block-list\">\n<li>Nos \u00faltimos quatro anos, investimos mais de R$ 1,5 bilh\u00e3o em projetos esportivos no estado, como o Bolsa Atleta, os Jogos Escolares e eventos de grande porte nacionais e internacionais. Ter o Rio Open em sua 11\u00aa edi\u00e7\u00e3o aqui, refor\u00e7a o nosso comprometimento em promover o esporte como meio de integra\u00e7\u00e3o na sociedade, al\u00e9m de mostrar o potencial e voca\u00e7\u00e3o do Rio de Janeiro para o esporte &#8211; destacou o governador Cl\u00e1udio Castro.<\/li>\n<\/ul>\n\n\n\n<p>O tenista alem\u00e3o Alexander Zverev, conhecido como Sascha, destacou a alegria em poder jogar com o apoio da torcida.<\/p>\n\n\n\n<ul class=\"wp-block-list\">\n<li>Esta \u00e9 a minha segunda vez no Rio de Janeiro e estou muito animado em participar do Rio Open, evento que j\u00e1 ganhou destaque no cen\u00e1rio internacional de t\u00eanis. Al\u00e9m disso, os brasileiros s\u00e3o muito receptivos e fazem uma grande festa na torcida do torneio &#8211; explicou Sascha.<\/li>\n<\/ul>\n\n\n\n<p>Os brasileiros Marcelo Melo e Rafael Matos, que v\u00e3o disputar juntos na categoria duplas no Rio Open, falaram sobre a import\u00e2ncia de ter um evento t\u00e3o importante para o t\u00eanis no Rio de Janeiro.<\/p>\n\n\n\n<ul class=\"wp-block-list\">\n<li>Quando estamos jogando aqui, realmente sentimos o carinho da torcida, que muitas vezes n\u00e3o tem a oportunidade de ver a gente jogar em outros lugares. A cada ano que passa \u00e9 um Rio Open melhor. Vamos defender as cores do pa\u00eds da melhor forma poss\u00edvel &#8211; pontuou Marcelo Melo, que participou de todas as edi\u00e7\u00f5es do evento.<\/li>\n<\/ul>\n\n\n\n<p>J\u00e1 Rafael Matos, que \u00e9 o \u00fanico brasileiro a ter um t\u00edtulo no Rio Open na categoria em dupla, ressalta com entusiasmo a disputa no torneio por mais um ano.<\/p>\n\n\n\n<p>-\u00c9 o meu torneio favorito no ano, ainda mais porque posso jogar no Brasil. O entrosamento em dupla j\u00e1 est\u00e1 em dia. Vamos tentar sair com esse t\u00edtulo 100% brasileiro \u2013 disse Rafael.<\/p>\n\n\n\n<p>Al\u00e9m deles, estar\u00e3o nas quadras cariocas o dinamarqu\u00eas Holger Rune, 13\u00ba do mundo, o italiano Lorenzo Musetti, medalhista de bronze dos Jogos Ol\u00edmpicos de Paris, e o atual campe\u00e3o do Rio Open, o argentino Sebastian Baez. Entre os brasileiros, Jo\u00e3o Fonseca, n\u00famero 68 do mundo, \u00e9 o nome mais festejado, ainda mais ap\u00f3s conquistar seu primeiro torneio ATP em Buenos Aires, neste \u00faltimo fim de semana. Tamb\u00e9m vestir\u00e3o a camisa verde e amarelo o paranaense Thiago Wild, atual 79 do mundo, e o pernambucano Jo\u00e3o Lucas Reis.<\/p>\n\n\n\n<p>O Governo do Estado tamb\u00e9m marca presen\u00e7a no evento com um stand da Secretaria de Esporte e Lazer, que vai oferecer atividades interativas e brindes para o p\u00fablico presente.<\/p>\n\n\n\n<p>-\u00c9 um orgulho para o Rio de Janeiro dar o pontap\u00e9 inicial para esse grande evento. A parceria com o Rio Open representa muito para o nosso pa\u00eds e para a sociedade fluminense, fazendo com que o esporte se adeque tamb\u00e9m ao desenvolvimento econ\u00f4mico, social e para a forma\u00e7\u00e3o de novos atletas. Chegamos a mais uma edi\u00e7\u00e3o com a melhor das expectativas. Ser\u00e1 um torneio q ficar\u00e1 marcado na mem\u00f3ria de todos \u2013 celebrou o secret\u00e1rio de Esporte e Lazer, Rafael Picciani.<\/p>\n\n\n\n<p>Novidades na cerim\u00f4nia de abertura<\/p>\n\n\n\n<p>Pela primeira vez, o Rio Open realizar\u00e1 uma cerim\u00f4nia de abertura e contar\u00e1 com uma presen\u00e7a ilustre: a maior atleta ol\u00edmpica do Brasil, Rebeca Andrade. A solenidade vai acontecer nesta segunda-feira (17\/2).<\/p>\n\n\n\n<p>Antes do primeiro jogo da sess\u00e3o noturna, que come\u00e7a \u00e0s 19h, a ginasta entrar\u00e1 na Quadra Central Guga Kuerten segurando o trof\u00e9u criado por Antonio Bernardo, que ser\u00e1 entregue no domingo (23\/2), ao campe\u00e3o do ATP 500.<\/p>\n\n\n\n<p>Desde 2014, o evento tem mantido a tradi\u00e7\u00e3o de homenagear figuras importantes do esporte, reconhecendo suas contribui\u00e7\u00f5es para o t\u00eanis mundial. Na competi\u00e7\u00e3o, ser\u00e1 feita uma homenagem especial a Cassio Motta, um dos grandes nomes do t\u00eanis brasileiro.<\/p>\n\n\n\n<p>Ex-n\u00famero 4 do mundo nas duplas, Motta foi vice-campe\u00e3o de Roland Garros nas duplas mistas e marcou \u00e9poca na Copa Davis. Atuando profissionalmente de 1978 a 1994, Motta teve resultados de grande express\u00e3o nas duplas, com 10 t\u00edtulos, e chegou \u00e0 quarta posi\u00e7\u00e3o do ranking mundial, em 1983. Antes de Jo\u00e3o Fonseca, era o tenista mais jovem a entrar no Top 100 da ATP.<\/p>\n\n\n\n<ul class=\"wp-block-list\">\n<li>O Rio Open est\u00e1 cada vez mais ganhando prest\u00edgio no cen\u00e1rio nacional e internacional. Todos os ingressos foram esgotados em menos de 24h, com expectativa de recebermos 65 mil pessoas com um impacto de R$ 160 milh\u00f5es na economia fluminense. Fa\u00e7o um agradecimento especial ao Governo do Estado por nos permitir utilizar a Lei de Incentivo ao Esporte para esse grande evento &#8211; refor\u00e7ou Marcia Cazs, diretora-geral do Rio Open.<\/li>\n<\/ul>\n\n\n\n<p>Novas gera\u00e7\u00f5es<\/p>\n\n\n\n<p>A 11\u00aa edi\u00e7\u00e3o do Winners, torneio voltado para crian\u00e7as e adolescentes de projetos sociais, apoiados pelo Governo do Estado, foi realizada na \u00faltima semana e teve premia\u00e7\u00e3o nesta segunda-feira (17\/02). A iniciativa permite que jovens atletas possam vivenciar a experi\u00eancia de competir em quadras do Rio Open, contribuindo para o desenvolvimento do esporte e para que seu acesso seja democr\u00e1tico.<\/p>\n\n\n\n<p>Dois alunos da Escolinha Fabiano de Paula, na Rocinha, projeto mantido por meio da Lei de Incentivo ao Esporte, levaram o primeiro lugar. Valter Albuquerque, de 17 anos, e Cau\u00e3 Santos, de 15 anos, subiram ao lugar mais alto do p\u00f3dio em suas categorias.<\/p>\n\n\n\n<p>Acessibilidade e inclus\u00e3o<\/p>\n\n\n\n<p>Pelo segundo ano consecutivo, entre os dias 20 e 22 de fevereiro haver\u00e1 no Rio Open a disputa do Wheelchair Tennis Elite, campeonato internacional de t\u00eanis em cadeira de rodas de alto n\u00edvel, que reunir\u00e1 os espanh\u00f3is e medalhistas paral\u00edmpicos Daniel Caverzaschi e Martin de la Puente, a lenda argentina Gustavo Fernandez e o brasileiro Daniel Rodrigues, de 38 anos, cinco vezes medalhistaem Jogos Parapan-Americanos.<\/p>\n","protected":false},"excerpt":{"rendered":"<p>Evento \u00e9 realizado com apoio da Lei Estadual de Incentivo ao Esporte, com investimento de<\/p>\n","protected":false},"author":2,"featured_media":99301,"comment_status":"open","ping_status":"open","sticky":false,"template":"","format":"standard","meta":{"footnotes":""},"categories":[17],"tags":[],"class_list":["post-99300","post","type-post","status-publish","format-standard","has-post-thumbnail","hentry","category-outras-noticias"],"_links":{"self":[{"href":"https:\/\/tvc16.com\/portal\/wp-json\/wp\/v2\/posts\/99300","targetHints":{"allow":["GET"]}}],"collection":[{"href":"https:\/\/tvc16.com\/portal\/wp-json\/wp\/v2\/posts"}],"about":[{"href":"https:\/\/tvc16.com\/portal\/wp-json\/wp\/v2\/types\/post"}],"author":[{"embeddable":true,"href":"https:\/\/tvc16.com\/portal\/wp-json\/wp\/v2\/users\/2"}],"replies":[{"embeddable":true,"href":"https:\/\/tvc16.com\/portal\/wp-json\/wp\/v2\/comments?post=99300"}],"version-history":[{"count":1,"href":"https:\/\/tvc16.com\/portal\/wp-json\/wp\/v2\/posts\/99300\/revisions"}],"predecessor-version":[{"id":99302,"href":"https:\/\/tvc16.com\/portal\/wp-json\/wp\/v2\/posts\/99300\/revisions\/99302"}],"wp:featuredmedia":[{"embeddable":true,"href":"https:\/\/tvc16.com\/portal\/wp-json\/wp\/v2\/media\/99301"}],"wp:attachment":[{"href":"https:\/\/tvc16.com\/portal\/wp-json\/wp\/v2\/media?parent=99300"}],"wp:term":[{"taxonomy":"category","embeddable":true,"href":"https:\/\/tvc16.com\/portal\/wp-json\/wp\/v2\/categories?post=99300"},{"taxonomy":"post_tag","embeddable":true,"href":"https:\/\/tvc16.com\/portal\/wp-json\/wp\/v2\/tags?post=99300"}],"curies":[{"name":"wp","href":"https:\/\/api.w.org\/{rel}","templated":true}]}}