{"id":99305,"date":"2025-02-18T08:25:14","date_gmt":"2025-02-18T11:25:14","guid":{"rendered":"https:\/\/tvc16.com\/portal\/?p=99305"},"modified":"2025-02-18T08:25:15","modified_gmt":"2025-02-18T11:25:15","slug":"terceira-lista-para-curso-de-formacao-do-cnu-sai-nesta-terca-feira","status":"publish","type":"post","link":"https:\/\/tvc16.com\/portal\/2025\/02\/18\/terceira-lista-para-curso-de-formacao-do-cnu-sai-nesta-terca-feira\/","title":{"rendered":"Terceira lista para curso de forma\u00e7\u00e3o do CNU sai nesta ter\u00e7a-feira"},"content":{"rendered":"\n<p><em>Candidatos devem confirmar participa\u00e7\u00e3o at\u00e9 amanh\u00e3<\/em><\/p>\n\n\n\n<p>Por Daniella Almeida &#8211; Rep\u00f3rter da Ag\u00eancia Brasil \/ Foto: Arte\/EBC<\/p>\n\n\n\n<p><\/p>\n\n\n\n<p>O Minist\u00e9rio da Gest\u00e3o e da Inova\u00e7\u00e3o em Servi\u00e7os P\u00fablicos (MGI) publica, nesta ter\u00e7a-feira (18), a terceira e \u00faltima convoca\u00e7\u00e3o para cursos de forma\u00e7\u00e3o de nove cargos de n\u00edvel superior do Concurso P\u00fablico Nacional Unificado (CPNU).<img decoding=\"async\" src=\"https:\/\/agenciabrasil.ebc.com.br\/ebc.png?id=1630673&amp;o=node\"><img decoding=\"async\" src=\"https:\/\/agenciabrasil.ebc.com.br\/ebc.gif?id=1630673&amp;o=node\"><\/p>\n\n\n\n<p>As vagas s\u00e3o direcionadas aos candidatos das listas de espera do certame remanescentes da n\u00e3o confirma\u00e7\u00e3o nos cursos da&nbsp;<a href=\"https:\/\/agenciabrasil.ebc.com.br\/geral\/noticia\/2025-02\/cnu-sai-nesta-terca-2a-lista-de-convocados-para-cursos-de-formacao\" target=\"_blank\" rel=\"noreferrer noopener\">segunda convoca\u00e7\u00e3o, feita em 11 de fevereiro<\/a>.&nbsp;<\/p>\n\n\n\n<p>Os convocados que n\u00e3o confirmaram sua participa\u00e7\u00e3o nas duas chamadas anteriores foram eliminados. No entanto, eles ainda seguem concorrendo para os cargos eleitos como de maior prefer\u00eancia, no momento de inscri\u00e7\u00e3o.<\/p>\n\n\n\n<h2 class=\"wp-block-heading\">Confirma\u00e7\u00e3o<\/h2>\n\n\n\n<p>A confirma\u00e7\u00e3o para o curso de forma\u00e7\u00e3o nesta terceira convocat\u00f3ria ser\u00e1 somente nesta ter\u00e7a-feira e quarta-feira (19).<\/p>\n\n\n\n<p>A vaga deve ser garantida diretamente na&nbsp;<a href=\"https:\/\/cpnu.cesgranrio.org.br\/login\" target=\"_blank\" rel=\"noreferrer noopener\">\u00c1rea do Candidato no site do CPNU<\/a>.<\/p>\n\n\n\n<p>O curso de forma\u00e7\u00e3o inicial \u00e9 eliminat\u00f3rio e vale para a classifica\u00e7\u00e3o. Por isso, a participa\u00e7\u00e3o no curso de forma\u00e7\u00e3o de carreiras \u00e9 decisiva para a continuidade do candidato no concurso.&nbsp;<\/p>\n\n\n\n<h2 class=\"wp-block-heading\">Cursos<\/h2>\n\n\n\n<p>Os cursos de forma\u00e7\u00e3o do chamado Enem dos Concursos t\u00eam o objetivo de preparar os candidatos para aplicar conhecimentos t\u00e9cnicos espec\u00edficos e desenvolver habilidades de diversas \u00e1reas e fun\u00e7\u00f5es no setor p\u00fablico. S\u00e3o as chamadas compet\u00eancias transversais.<\/p>\n\n\n\n<p>Durante os cursos, os participantes ser\u00e3o orientados por valores como \u00e9tica, equidade, sustentabilidade e foco nos resultados para o cidad\u00e3o.<\/p>\n\n\n\n<p>As aulas ser\u00e3o em Bras\u00edlia e no Rio de Janeiro, com exce\u00e7\u00e3o do curso para Auditor-Fiscal do Trabalho (AFT), que ter\u00e1 o formato h\u00edbrido.&nbsp;<\/p>\n\n\n\n<p>A carga hor\u00e1ria dos cursos varia entre 140 horas e 580 horas, conforme o cargo de n\u00edvel superior.<\/p>\n\n\n\n<p>Ao todo, nove cargos do certame est\u00e3o nesta terceira etapa:<\/p>\n\n\n\n<p>1. &nbsp; Especialista em Pol\u00edticas P\u00fablicas e Gest\u00e3o Governamental (EPPGG)<\/p>\n\n\n\n<p>2. &nbsp; Analista de Com\u00e9rcio Exterior (ACE);<\/p>\n\n\n\n<p>3. &nbsp; Analista em Tecnologia da Informa\u00e7\u00e3o (ATI);<\/p>\n\n\n\n<p>4. &nbsp; Analista T\u00e9cnico de Pol\u00edticas Sociais (ATPS);<\/p>\n\n\n\n<p>5. &nbsp; Analista de Infraestrutura (AIE);<\/p>\n\n\n\n<p>6. &nbsp; Auditor-Fiscal do Trabalho (AFT);<\/p>\n\n\n\n<p>7. &nbsp; Especialista em Regula\u00e7\u00e3o de Servi\u00e7os P\u00fablicos de Energia (Aneel);<\/p>\n\n\n\n<p>8. &nbsp; Especialista em Regula\u00e7\u00e3o de Servi\u00e7os de Transportes Aquavi\u00e1rios (Anataq);<\/p>\n\n\n\n<p>9. &nbsp; Especialista em Regula\u00e7\u00e3o de Sa\u00fade Suplementar (ANS).<\/p>\n\n\n\n<h2 class=\"wp-block-heading\">Custos<\/h2>\n\n\n\n<p>A log\u00edstica e despesas com transporte, alimenta\u00e7\u00e3o, sa\u00fade e estadia durante o curso de forma\u00e7\u00e3o s\u00e3o de responsabilidade de cada candidato convocado.<\/p>\n\n\n\n<p>Durante o per\u00edodo de forma\u00e7\u00e3o, os convocados ter\u00e3o direito a 50% da remunera\u00e7\u00e3o inicial prevista para o cargo, com os devidos descontos legais.&nbsp;<\/p>\n\n\n\n<p>Os candidatos que j\u00e1 s\u00e3o servidores p\u00fablicos federais poder\u00e3o optar por manter os vencimentos atuais do respectivo cargo, no per\u00edodo de forma\u00e7\u00e3o, desde que apresentem a documenta\u00e7\u00e3o comprobat\u00f3ria necess\u00e1ria.<\/p>\n\n\n\n<h2 class=\"wp-block-heading\">Cronograma<\/h2>\n\n\n\n<p>Conforme o cronograma do CNU, em 28 de fevereiro o Minist\u00e9rio da Gest\u00e3o publicar\u00e1 a lista definitiva dos convocados para matr\u00edcula nos cursos de forma\u00e7\u00e3o e a lista definitiva de classifica\u00e7\u00e3o para todos os cargos.<br><\/p>\n","protected":false},"excerpt":{"rendered":"<p>Candidatos devem confirmar participa\u00e7\u00e3o at\u00e9 amanh\u00e3 Por Daniella Almeida &#8211; Rep\u00f3rter da Ag\u00eancia Brasil \/<\/p>\n","protected":false},"author":2,"featured_media":99306,"comment_status":"open","ping_status":"open","sticky":false,"template":"","format":"standard","meta":{"footnotes":""},"categories":[17],"tags":[],"class_list":["post-99305","post","type-post","status-publish","format-standard","has-post-thumbnail","hentry","category-outras-noticias"],"_links":{"self":[{"href":"https:\/\/tvc16.com\/portal\/wp-json\/wp\/v2\/posts\/99305","targetHints":{"allow":["GET"]}}],"collection":[{"href":"https:\/\/tvc16.com\/portal\/wp-json\/wp\/v2\/posts"}],"about":[{"href":"https:\/\/tvc16.com\/portal\/wp-json\/wp\/v2\/types\/post"}],"author":[{"embeddable":true,"href":"https:\/\/tvc16.com\/portal\/wp-json\/wp\/v2\/users\/2"}],"replies":[{"embeddable":true,"href":"https:\/\/tvc16.com\/portal\/wp-json\/wp\/v2\/comments?post=99305"}],"version-history":[{"count":1,"href":"https:\/\/tvc16.com\/portal\/wp-json\/wp\/v2\/posts\/99305\/revisions"}],"predecessor-version":[{"id":99307,"href":"https:\/\/tvc16.com\/portal\/wp-json\/wp\/v2\/posts\/99305\/revisions\/99307"}],"wp:featuredmedia":[{"embeddable":true,"href":"https:\/\/tvc16.com\/portal\/wp-json\/wp\/v2\/media\/99306"}],"wp:attachment":[{"href":"https:\/\/tvc16.com\/portal\/wp-json\/wp\/v2\/media?parent=99305"}],"wp:term":[{"taxonomy":"category","embeddable":true,"href":"https:\/\/tvc16.com\/portal\/wp-json\/wp\/v2\/categories?post=99305"},{"taxonomy":"post_tag","embeddable":true,"href":"https:\/\/tvc16.com\/portal\/wp-json\/wp\/v2\/tags?post=99305"}],"curies":[{"name":"wp","href":"https:\/\/api.w.org\/{rel}","templated":true}]}}