{"id":99312,"date":"2025-02-18T08:28:31","date_gmt":"2025-02-18T11:28:31","guid":{"rendered":"https:\/\/tvc16.com\/portal\/?p=99312"},"modified":"2025-02-18T08:28:32","modified_gmt":"2025-02-18T11:28:32","slug":"rio-chega-a-44oc-maior-temperatura-registrada-desde-2014","status":"publish","type":"post","link":"https:\/\/tvc16.com\/portal\/2025\/02\/18\/rio-chega-a-44oc-maior-temperatura-registrada-desde-2014\/","title":{"rendered":"Rio chega a 44\u00baC, maior temperatura registrada desde 2014"},"content":{"rendered":"\n<p><em>Calor pode continuar amanh\u00e3 com previs\u00e3o de ultrapassar os 40\u00baC<\/em><\/p>\n\n\n\n<p>Por Ag\u00eancia Brasil \/ Foto: T\u00e2nia R\u00eago\/Ag\u00eancia Brasil<br><\/p>\n\n\n\n<p>A temperatura m\u00e1xima registrada nesta segunda-feira (17) no Rio de Janeiro foi de 44\u00b0C, a mais alta registrada pelo Sistema Alerta Rio desde 2014. A m\u00ednima foi de 21,6\u00b0C. A noite de hoje deve apresentar c\u00e9u claro a parcialmente nublado e n\u00e3o h\u00e1 previs\u00e3o de chuva. Os ventos estar\u00e3o fracos a moderados.<img decoding=\"async\" src=\"https:\/\/agenciabrasil.ebc.com.br\/ebc.png?id=1630714&amp;o=node\"><img decoding=\"async\" src=\"https:\/\/agenciabrasil.ebc.com.br\/ebc.gif?id=1630714&amp;o=node\"><\/p>\n\n\n\n<p>Na ter\u00e7a-feira (18), o c\u00e9u ter\u00e1 nebulosidade variada e n\u00e3o h\u00e1 previs\u00e3o de chuva. As temperaturas estar\u00e3o elevadas e podem ultrapassar os 40\u00b0C. Os ventos estar\u00e3o predominantemente moderados no per\u00edodo da tarde.<\/p>\n\n\n\n<p>Na quarta-feira (19) e quinta-feira (20), o c\u00e9u segue com nebulosidade variada, predominantemente nublado. A cidade continua sem previs\u00e3o de chuva e as temperaturas devem ter pequeno decl\u00ednio, mas permanecem altas.<\/p>\n\n\n\n<p>Na sexta-feira (21), o c\u00e9u estar\u00e1 claro a parcialmente nublado, n\u00e3o h\u00e1 previs\u00e3o de chuva e as temperaturas permanecer\u00e3o elevadas.<\/p>\n\n\n\n<h2 class=\"wp-block-heading\">N\u00edvel 4 de calor<\/h2>\n\n\n\n<p>A cidade do&nbsp;<a href=\"https:\/\/agenciabrasil.ebc.com.br\/geral\/noticia\/2025-02\/cidade-do-rio-de-janeiro-atinge-nivel-4-de-calor-nesta-segunda-feira\" target=\"_blank\" rel=\"noreferrer noopener\">Rio de Janeiro atingiu o n\u00edvel 4 de calor<\/a>, o segundo mais cr\u00edtico definido pela prefeitura, \u00e0s 12h35 desta segunda-feira. De acordo com o servi\u00e7o de meteorologia da administra\u00e7\u00e3o municipal, h\u00e1 um sistema de alta press\u00e3o no oceano influenciando o tempo e aumentando as temperaturas na cidade.<\/p>\n\n\n\n<p>O n\u00edvel de calor 4 \u00e9 acionado quando a temperatura fica entre 40\u00b0C a 44\u00b0C, com previs\u00e3o de perman\u00eancia ou aumento por, ao menos, tr\u00eas dias consecutivos. Em coletiva de imprensa neste domingo (16), o prefeito Eduardo Paes e outras autoridades municipais j\u00e1 haviam alertado que a cidade teria calor extremo esta semana.<\/p>\n\n\n\n<p>Com o acionamento do n\u00edvel 4, a prefeitura abriu 58 pontos de resfriamento, com \u00e1reas de sombra, pontos de hidrata\u00e7\u00e3o e banheiros que podem ser utilizados livremente pela popula\u00e7\u00e3o em diversos bairros da cidade.&nbsp;<\/p>\n\n\n\n<p>Os endere\u00e7os est\u00e3o dispon\u00edveis no&nbsp;<a href=\"https:\/\/cor.rio\/#:~:text=O%20Centro%20de%20Opera%C3%A7%C3%B5es%20Rio,essenciais%3A%20mobilidade%20urbana%20e%20tempo\" target=\"_blank\" rel=\"noreferrer noopener\">aplicativo e no site do Centro de Opera\u00e7\u00f5es e Resili\u00eancia da Prefeitura do Rio (COR)<\/a>.<\/p>\n","protected":false},"excerpt":{"rendered":"<p>Calor pode continuar amanh\u00e3 com previs\u00e3o de ultrapassar os 40\u00baC Por Ag\u00eancia Brasil \/ Foto:<\/p>\n","protected":false},"author":2,"featured_media":99314,"comment_status":"open","ping_status":"open","sticky":false,"template":"","format":"standard","meta":{"footnotes":""},"categories":[17],"tags":[],"class_list":["post-99312","post","type-post","status-publish","format-standard","has-post-thumbnail","hentry","category-outras-noticias"],"_links":{"self":[{"href":"https:\/\/tvc16.com\/portal\/wp-json\/wp\/v2\/posts\/99312","targetHints":{"allow":["GET"]}}],"collection":[{"href":"https:\/\/tvc16.com\/portal\/wp-json\/wp\/v2\/posts"}],"about":[{"href":"https:\/\/tvc16.com\/portal\/wp-json\/wp\/v2\/types\/post"}],"author":[{"embeddable":true,"href":"https:\/\/tvc16.com\/portal\/wp-json\/wp\/v2\/users\/2"}],"replies":[{"embeddable":true,"href":"https:\/\/tvc16.com\/portal\/wp-json\/wp\/v2\/comments?post=99312"}],"version-history":[{"count":1,"href":"https:\/\/tvc16.com\/portal\/wp-json\/wp\/v2\/posts\/99312\/revisions"}],"predecessor-version":[{"id":99315,"href":"https:\/\/tvc16.com\/portal\/wp-json\/wp\/v2\/posts\/99312\/revisions\/99315"}],"wp:featuredmedia":[{"embeddable":true,"href":"https:\/\/tvc16.com\/portal\/wp-json\/wp\/v2\/media\/99314"}],"wp:attachment":[{"href":"https:\/\/tvc16.com\/portal\/wp-json\/wp\/v2\/media?parent=99312"}],"wp:term":[{"taxonomy":"category","embeddable":true,"href":"https:\/\/tvc16.com\/portal\/wp-json\/wp\/v2\/categories?post=99312"},{"taxonomy":"post_tag","embeddable":true,"href":"https:\/\/tvc16.com\/portal\/wp-json\/wp\/v2\/tags?post=99312"}],"curies":[{"name":"wp","href":"https:\/\/api.w.org\/{rel}","templated":true}]}}