{"id":99319,"date":"2025-02-18T08:31:32","date_gmt":"2025-02-18T11:31:32","guid":{"rendered":"https:\/\/tvc16.com\/portal\/?p=99319"},"modified":"2025-02-18T08:31:34","modified_gmt":"2025-02-18T11:31:34","slug":"febraban-projeta-crescimento-do-credito-para-85-em-2025","status":"publish","type":"post","link":"https:\/\/tvc16.com\/portal\/2025\/02\/18\/febraban-projeta-crescimento-do-credito-para-85-em-2025\/","title":{"rendered":"Febraban projeta crescimento do cr\u00e9dito para 8,5% em 2025"},"content":{"rendered":"\n<p><em>Expectativa foi revisada e teve queda em compara\u00e7\u00e3o \u00e0 dezembro<\/em><\/p>\n\n\n\n<p>Por Bruno Bocchini &#8211; rep\u00f3rter da Ag\u00eancia Brasil \/ Foto: Marcello Casal JrAg\u00eancia Brasil<\/p>\n\n\n\n<p><\/p>\n\n\n\n<p>Pesquisa da Federa\u00e7\u00e3o Brasileira de Bancos (Febraban) mostra que a carteira de cr\u00e9dito no pa\u00eds dever\u00e1 crescer 8,5% em 2025. Em dezembro passado, a expectativa da entidade era de um crescimento de 9% do cr\u00e9dito no ano corrente.&nbsp;Os dados foram divulgados nesta segunda-feira (17).<img decoding=\"async\" src=\"https:\/\/agenciabrasil.ebc.com.br\/ebc.png?id=1630747&amp;o=node\"><img decoding=\"async\" src=\"https:\/\/agenciabrasil.ebc.com.br\/ebc.gif?id=1630747&amp;o=node\"><\/p>\n\n\n\n<p>Em 2024, o crescimento do cr\u00e9dito foi de 10,9%, segundo o Banco Central.<\/p>\n\n\n\n<p>\u201cO resultado reflete a piora do cen\u00e1rio econ\u00f4mico, com expectativa de uma infla\u00e7\u00e3o maior e, consequentemente, juros mais altos tamb\u00e9m ao longo do ano. O desempenho efetivo do cr\u00e9dito depender\u00e1 do cen\u00e1rio fiscal e de outras vari\u00e1veis relevantes, que poder\u00e3o alterar a perspectiva atual\u201d, destacou o diretor de Economia, Regula\u00e7\u00e3o Prudencial e Riscos da Febraban, Rubens Sardenberg.<\/p>\n\n\n\n<p>O levantamento, feito com executivos de 21 bancos, entre os dias 5 e 10 de fevereiro, aponta&nbsp;ainda que a maioria dos entrevistados (76,2%) disse esperar que a taxa Selic suba al\u00e9m de 14,25% em 2025.&nbsp;<\/p>\n\n\n\n<p>J\u00e1 a expectativa para a taxa de c\u00e2mbio \u00e9 de ligeira deprecia\u00e7\u00e3o ao longo do ano, com o d\u00f3lar atingindo R$ 5,95 at\u00e9 setembro. Na pesquisa anterior, os entrevistados enxergavam que o c\u00e2mbio ficaria pr\u00f3ximo do n\u00edvel de R$ 6.<\/p>\n\n\n\n<p>Quanto \u00e0 infla\u00e7\u00e3o, a maioria (47,6%) dos entrevistados entende que a infla\u00e7\u00e3o deve ficar pr\u00f3xima a 5,5%. J\u00e1 sobre o Produto Interno Bruto (PIB), pouco mais da metade (52,4%) dos participantes segue projetando alta em torno de 2% em 2025.<br><\/p>\n","protected":false},"excerpt":{"rendered":"<p>Expectativa foi revisada e teve queda em compara\u00e7\u00e3o \u00e0 dezembro Por Bruno Bocchini &#8211; rep\u00f3rter<\/p>\n","protected":false},"author":2,"featured_media":99320,"comment_status":"open","ping_status":"open","sticky":false,"template":"","format":"standard","meta":{"footnotes":""},"categories":[17],"tags":[],"class_list":["post-99319","post","type-post","status-publish","format-standard","has-post-thumbnail","hentry","category-outras-noticias"],"_links":{"self":[{"href":"https:\/\/tvc16.com\/portal\/wp-json\/wp\/v2\/posts\/99319","targetHints":{"allow":["GET"]}}],"collection":[{"href":"https:\/\/tvc16.com\/portal\/wp-json\/wp\/v2\/posts"}],"about":[{"href":"https:\/\/tvc16.com\/portal\/wp-json\/wp\/v2\/types\/post"}],"author":[{"embeddable":true,"href":"https:\/\/tvc16.com\/portal\/wp-json\/wp\/v2\/users\/2"}],"replies":[{"embeddable":true,"href":"https:\/\/tvc16.com\/portal\/wp-json\/wp\/v2\/comments?post=99319"}],"version-history":[{"count":1,"href":"https:\/\/tvc16.com\/portal\/wp-json\/wp\/v2\/posts\/99319\/revisions"}],"predecessor-version":[{"id":99321,"href":"https:\/\/tvc16.com\/portal\/wp-json\/wp\/v2\/posts\/99319\/revisions\/99321"}],"wp:featuredmedia":[{"embeddable":true,"href":"https:\/\/tvc16.com\/portal\/wp-json\/wp\/v2\/media\/99320"}],"wp:attachment":[{"href":"https:\/\/tvc16.com\/portal\/wp-json\/wp\/v2\/media?parent=99319"}],"wp:term":[{"taxonomy":"category","embeddable":true,"href":"https:\/\/tvc16.com\/portal\/wp-json\/wp\/v2\/categories?post=99319"},{"taxonomy":"post_tag","embeddable":true,"href":"https:\/\/tvc16.com\/portal\/wp-json\/wp\/v2\/tags?post=99319"}],"curies":[{"name":"wp","href":"https:\/\/api.w.org\/{rel}","templated":true}]}}