{"id":99322,"date":"2025-02-18T08:35:30","date_gmt":"2025-02-18T11:35:30","guid":{"rendered":"https:\/\/tvc16.com\/portal\/?p=99322"},"modified":"2025-02-18T08:35:32","modified_gmt":"2025-02-18T11:35:32","slug":"cadastramento-de-artesaos-em-petropolis-comeca-nesta-terca-feira","status":"publish","type":"post","link":"https:\/\/tvc16.com\/portal\/2025\/02\/18\/cadastramento-de-artesaos-em-petropolis-comeca-nesta-terca-feira\/","title":{"rendered":"Cadastramento de artes\u00e3os em Petr\u00f3polis come\u00e7a nesta ter\u00e7a-feira"},"content":{"rendered":"\n<p><em> Iniciativa \u00e9 para aqueles que ainda n\u00e3o tem a Carteira Nacional do Artes\u00e3o<\/em><\/p>\n\n\n\n<p>Quem ainda n\u00e3o tem a Carteira Nacional do Artes\u00e3o, a Prefeitura e o Governo do Estado, por meio das secretarias de estado e municipal de Turismo, v\u00e3o realizar um cadastramento dos artes\u00e3os. O cadastro acontece nos dias 18 e 19 de fevereiro, das 10h \u00e0s 16h, na sede da Secretaria de Turismo de Petr\u00f3polis, no Centro da cidade. E no dia 20, acontece na Fazenda Vira Mundo, localizada na Estrada do Brejal, no distrito da Posse, das 13h \u00e0s 17h.<\/p>\n\n\n\n<p>Nos dias da a\u00e7\u00e3o, a equipe da Coordenadoria Estadual do Artesanato, vinculada \u00e0 Secretaria de Estado de Turismo, estar\u00e1 dispon\u00edvel para realizar o cadastro dos artes\u00e3os e, posteriormente, entregar a Carteira Nacional do Artes\u00e3o. Este documento \u00e9 fundamental para os profissionais do setor, pois proporciona acesso a uma s\u00e9rie de benef\u00edcios e pol\u00edticas p\u00fablicas que podem impulsionar suas atividades.<\/p>\n\n\n\n<p>Benef\u00edcios da Carteira Nacional do Artes\u00e3o:<\/p>\n\n\n\n<ul class=\"wp-block-list\">\n<li>Participa\u00e7\u00e3o em feiras nacionais e internacionais<\/li>\n\n\n\n<li>Descontos na compra de mat\u00e9rias-primas<\/li>\n\n\n\n<li>Acesso a pol\u00edticas p\u00fablicas, como microcr\u00e9dito e capacita\u00e7\u00e3o t\u00e9cnica e gerencial<\/li>\n\n\n\n<li>Isen\u00e7\u00e3o do ICMS na comercializa\u00e7\u00e3o dos produtos em alguns estados<\/li>\n\n\n\n<li>Aumento da credibilidade no mercado<\/li>\n\n\n\n<li>Fortalecimento da cadeia produtiva do artesanato<\/li>\n\n\n\n<li>Articula\u00e7\u00e3o de a\u00e7\u00f5es para o desenvolvimento social e econ\u00f4mico dos artes\u00e3os<\/li>\n\n\n\n<li>Promo\u00e7\u00e3o e divulga\u00e7\u00e3o dos produtos<\/li>\n<\/ul>\n\n\n\n<p>Como obter a Carteira Nacional do Artes\u00e3o?<br>Para se cadastrar, \u00e9 necess\u00e1rio:<\/p>\n\n\n\n<ul class=\"wp-block-list\">\n<li>Ter idade igual ou superior a 16 anos<\/li>\n\n\n\n<li>Apresentar uma pe\u00e7a pronta de cada mat\u00e9ria-prima ou t\u00e9cnica a ser cadastrada<\/li>\n\n\n\n<li>Elaborar uma pe\u00e7a artesanal por cada mat\u00e9ria-prima ou t\u00e9cnica a ser cadastrada<\/li>\n\n\n\n<li>Submeter os produtos e pe\u00e7as realizadas \u00e0 curadoria da Coordenadoria Estadual do Artesanato, da Setur-RJ<\/li>\n<\/ul>\n\n\n\n<p>Servi\u00e7o:<br>Cadastro para Carteira Nacional do Artes\u00e3o<br>Quando: 18 e 19 de fevereiro<br>Hor\u00e1rio: 10h \u00e0s 16h<br>Local: Secretaria de Turismo &#8211; Avenida Tiradentes, 35 &#8211; Centro<\/p>\n\n\n\n<p>Quando: 20 de fevereiro<br>Hor\u00e1rio: 13h \u00e0s 17h<br>Local: Fazenda Vira Mundo \u2013 Estrada do Brejal, 1500 \u2013 Posse<br>Mais informa\u00e7\u00f5es pelo telefone (24) 2246-9467<\/p>\n","protected":false},"excerpt":{"rendered":"<p>Iniciativa \u00e9 para aqueles que ainda n\u00e3o tem a Carteira Nacional do Artes\u00e3o Quem ainda<\/p>\n","protected":false},"author":2,"featured_media":78146,"comment_status":"open","ping_status":"open","sticky":false,"template":"","format":"standard","meta":{"footnotes":""},"categories":[12],"tags":[],"class_list":["post-99322","post","type-post","status-publish","format-standard","has-post-thumbnail","hentry","category-cidade"],"_links":{"self":[{"href":"https:\/\/tvc16.com\/portal\/wp-json\/wp\/v2\/posts\/99322","targetHints":{"allow":["GET"]}}],"collection":[{"href":"https:\/\/tvc16.com\/portal\/wp-json\/wp\/v2\/posts"}],"about":[{"href":"https:\/\/tvc16.com\/portal\/wp-json\/wp\/v2\/types\/post"}],"author":[{"embeddable":true,"href":"https:\/\/tvc16.com\/portal\/wp-json\/wp\/v2\/users\/2"}],"replies":[{"embeddable":true,"href":"https:\/\/tvc16.com\/portal\/wp-json\/wp\/v2\/comments?post=99322"}],"version-history":[{"count":1,"href":"https:\/\/tvc16.com\/portal\/wp-json\/wp\/v2\/posts\/99322\/revisions"}],"predecessor-version":[{"id":99323,"href":"https:\/\/tvc16.com\/portal\/wp-json\/wp\/v2\/posts\/99322\/revisions\/99323"}],"wp:featuredmedia":[{"embeddable":true,"href":"https:\/\/tvc16.com\/portal\/wp-json\/wp\/v2\/media\/78146"}],"wp:attachment":[{"href":"https:\/\/tvc16.com\/portal\/wp-json\/wp\/v2\/media?parent=99322"}],"wp:term":[{"taxonomy":"category","embeddable":true,"href":"https:\/\/tvc16.com\/portal\/wp-json\/wp\/v2\/categories?post=99322"},{"taxonomy":"post_tag","embeddable":true,"href":"https:\/\/tvc16.com\/portal\/wp-json\/wp\/v2\/tags?post=99322"}],"curies":[{"name":"wp","href":"https:\/\/api.w.org\/{rel}","templated":true}]}}