{"id":99324,"date":"2025-02-18T08:40:03","date_gmt":"2025-02-18T11:40:03","guid":{"rendered":"https:\/\/tvc16.com\/portal\/?p=99324"},"modified":"2025-02-18T08:40:05","modified_gmt":"2025-02-18T11:40:05","slug":"prefeitura-de-petropolis-anuncia-a-folia-imperial-2025","status":"publish","type":"post","link":"https:\/\/tvc16.com\/portal\/2025\/02\/18\/prefeitura-de-petropolis-anuncia-a-folia-imperial-2025\/","title":{"rendered":"Prefeitura de Petr\u00f3polis anuncia a Folia Imperial 2025"},"content":{"rendered":"\n<p><em>Ser\u00e3o oito dias de programa\u00e7\u00e3o, mais de 60 eventos e expectativa de p\u00fablico de mais de 100 mil pessoas.<\/em><\/p>\n\n\n\n<p>O prefeito Hingo Hammes e o secret\u00e1rio de Cultura, Adenilson Honorato, anunciaram nesta segunda-feira (17) a programa\u00e7\u00e3o da Folia Imperial 2025. O Carnaval de Petr\u00f3polis contar\u00e1 com oito dias de programa\u00e7\u00e3o, em 14 localidades espalhadas pela cidade. S\u00e3o mais de 60 eventos e uma expectativa de mais de 100 mil pessoas participando de todas as atra\u00e7\u00f5es.<\/p>\n\n\n\n<p>\u201cPetr\u00f3polis, ter\u00e1 Carnaval\u201d. Assim come\u00e7ou o prefeito, no an\u00fancio feito nas redes sociais. E foi o prefeito quem anunciou uma das principais atra\u00e7\u00f5es da folia na cidade. \u201cA partir do dia 28 de fevereiro teremos a apresenta\u00e7\u00e3o da Esta\u00e7\u00e3o Primeira de Mangueira, aqui no Centro, e tamb\u00e9m tivemos diversos blocos espalhados pela cidade\u201d, anunciou Hingo.<\/p>\n\n\n\n<p>O evento com a bateria da verde e rosa, tem data e local definido. Ser\u00e1 \u00e0s 20h, na Pra\u00e7a Visconde de Mau\u00e1 (pra\u00e7a da \u00c1guia), em frente a c\u00e2mara municipal. \u201cEsse evento marca a abertura oficial do nosso Carnaval e acontece com apoio da C\u00e2mara Municipal de Vereadores, com a bateria da Mangueira saindo do Pal\u00e1cio Amarelo e tomando a pra\u00e7a, durante o evento da feira Deguste\u201d, explicou o secret\u00e1rio de Cultura.<\/p>\n\n\n\n<p>No fim de semana anterior, come\u00e7a o pr\u00e9-Carnaval, que acontece entre os dias 21 (sexta-feira) e 23 (domingo), com a feira Deguste e os blocos nos bairros. A Deguste segue ainda ao longo do Carnaval, com programa\u00e7\u00e3o entre os dias 28 de fevereiro e 4 de mar\u00e7o. Entre as atra\u00e7\u00f5es do evento cervejeiro est\u00e3o Baile do Zen, Puro Pecado, Larissa Viana, Priscila Gouv\u00eaa, Hugo Rocha, Pedro Ribeiro, Samba de M\u00e3os Dadas e Jonatan Francisco.<\/p>\n\n\n\n<p>Tamb\u00e9m entre os dias 28 e 4, a Pra\u00e7a da Liberdade recebe desde cedo o Agita Folia e durante a tarde tem matin\u00ea para as crian\u00e7as com a Tribo de Gonzaga, que se apresenta \u00e0 noite com convidados. Entre eles: Trio Dubr\u00e1, Breno Moraes e Taru\u00edra, Espanta Freguesia e Pedro Ribeiro, al\u00e9m do Grupo Teatral Andan\u00e7a com o espet\u00e1culo A \u00daltima Hist\u00f3ria.<\/p>\n\n\n\n<p>\u201cAinda falando de programa\u00e7\u00e3o infantil, al\u00e9m da Pra\u00e7a da Liberdade, ela tamb\u00e9m acontece no Pal\u00e1cio de Cristal, na Pra\u00e7a da Mosela, no C\u00e9u da Posse e no Cremerie\u201d, ressaltou Adenilson, que lembrou ainda da programa\u00e7\u00e3o dos blocos tradicionais da cidade. \u201cS\u00e3o 14 locais de eventos na cidade, do Meio da Serra ao distrito da Posse\u201d.<\/p>\n\n\n\n<p>Al\u00e9m do Meio da Serra e da Posse, tamb\u00e9m est\u00e3o na programa\u00e7\u00e3o eventos em Nogueira, Correas, Itamarati, Cascatinha, Morin, Provis\u00f3ria, Mosela, Secret\u00e1rio, Cremerie, Pedro do Rio e Centro. Entre os blocos, os tradicionais Vai Quem Quer, Vai Dar M, Guerreiros da 20, General Marciano, Urso, Parada Obrigat\u00f3ria, entre outros.<\/p>\n\n\n\n<p>A novidade nesta edi\u00e7\u00e3o \u00e9 o primeiro desfile da GRES Imp\u00e9rio Petr\u00f3polis, que acontece tamb\u00e9m na sexta de Carnaval (28), com concentra\u00e7\u00e3o na Pra\u00e7a da Inconfid\u00eancia, de onde segue pela Rua do Imperador. A programa\u00e7\u00e3o completa est\u00e1 dispon\u00edvel no site da Prefeitura no link: https:\/\/www.petropolis.rj.gov.br\/pmp\/phocadownload\/destaques\/2025\/programacao_folia_imperial_2025.pdf<\/p>\n\n\n\n<p>O Folia Imperial 2025 tem apoio da Funda\u00e7\u00e3o Anita Manituano de Artes do Estado do Rio de Janeiro &#8211; FUNARJ, do governo do Estado, por meio da Secretaria de Cultura e Economia Criativa e da C\u00e2mara Municipal de Vereadores de Petr\u00f3polis.<\/p>\n","protected":false},"excerpt":{"rendered":"<p>Ser\u00e3o oito dias de programa\u00e7\u00e3o, mais de 60 eventos e expectativa de p\u00fablico de mais<\/p>\n","protected":false},"author":2,"featured_media":53807,"comment_status":"open","ping_status":"open","sticky":false,"template":"","format":"standard","meta":{"footnotes":""},"categories":[12],"tags":[],"class_list":["post-99324","post","type-post","status-publish","format-standard","has-post-thumbnail","hentry","category-cidade"],"_links":{"self":[{"href":"https:\/\/tvc16.com\/portal\/wp-json\/wp\/v2\/posts\/99324","targetHints":{"allow":["GET"]}}],"collection":[{"href":"https:\/\/tvc16.com\/portal\/wp-json\/wp\/v2\/posts"}],"about":[{"href":"https:\/\/tvc16.com\/portal\/wp-json\/wp\/v2\/types\/post"}],"author":[{"embeddable":true,"href":"https:\/\/tvc16.com\/portal\/wp-json\/wp\/v2\/users\/2"}],"replies":[{"embeddable":true,"href":"https:\/\/tvc16.com\/portal\/wp-json\/wp\/v2\/comments?post=99324"}],"version-history":[{"count":1,"href":"https:\/\/tvc16.com\/portal\/wp-json\/wp\/v2\/posts\/99324\/revisions"}],"predecessor-version":[{"id":99325,"href":"https:\/\/tvc16.com\/portal\/wp-json\/wp\/v2\/posts\/99324\/revisions\/99325"}],"wp:featuredmedia":[{"embeddable":true,"href":"https:\/\/tvc16.com\/portal\/wp-json\/wp\/v2\/media\/53807"}],"wp:attachment":[{"href":"https:\/\/tvc16.com\/portal\/wp-json\/wp\/v2\/media?parent=99324"}],"wp:term":[{"taxonomy":"category","embeddable":true,"href":"https:\/\/tvc16.com\/portal\/wp-json\/wp\/v2\/categories?post=99324"},{"taxonomy":"post_tag","embeddable":true,"href":"https:\/\/tvc16.com\/portal\/wp-json\/wp\/v2\/tags?post=99324"}],"curies":[{"name":"wp","href":"https:\/\/api.w.org\/{rel}","templated":true}]}}