{"id":99333,"date":"2025-02-18T08:51:33","date_gmt":"2025-02-18T11:51:33","guid":{"rendered":"https:\/\/tvc16.com\/portal\/?p=99333"},"modified":"2025-02-18T08:51:36","modified_gmt":"2025-02-18T11:51:36","slug":"petropolis-ja-registrou-sete-mortes-por-covid-19-em-2025","status":"publish","type":"post","link":"https:\/\/tvc16.com\/portal\/2025\/02\/18\/petropolis-ja-registrou-sete-mortes-por-covid-19-em-2025\/","title":{"rendered":"Petr\u00f3polis j\u00e1 registrou sete mortes por covid-19 em 2025"},"content":{"rendered":"\n<p><em>Por Hugo Petersen<\/em><\/p>\n\n\n\n<p>O munic\u00edpio de Petr\u00f3polis j\u00e1 registrou 172 casos prov\u00e1veis e sete mortes por covid-19 nas seis primeiras Semanas Epidemiol\u00f3gicas de 2025. O n\u00famero de casos gera grande preocupa\u00e7\u00e3o na cidade, principalmente por conta da baixa ades\u00e3o \u00e0 vacina\u00e7\u00e3o, que \u00e9 apenas 2% da quantidade registrada no mesmo per\u00edodo em 2024. O mais recente boletim InfoGripe da Fiocruz aponta que a volta \u00e0s aulas t\u00eam causado aumento nos casos de s\u00edndrome respirat\u00f3ria aguda grave (SRAG), relacionados a covid-19 e outras doen\u00e7as respirat\u00f3rias.<\/p>\n\n\n\n<p>&#8220;Nessa \u00e9poca, as crian\u00e7as acabam tendo mais contato umas com as outras, e acabam ficando mais tempo dentro da sala de aula, que \u00e9 um ambiente mais fechado, com menor circula\u00e7\u00e3o de ar, que facilita a transmiss\u00e3o dos v\u00edrus respirat\u00f3rios&#8221;, disse Tatiana Portella, Pesquisadora do programa de computa\u00e7\u00e3o cient\u00edfica da Fiocruz e do InfoGripe.<\/p>\n\n\n\n<p>Em Petr\u00f3polis, 172 novos casos e sete mortes pela doen\u00e7a viral j\u00e1 foram anotados nas seis primeiras seis semanas epidemiol\u00f3gicas de 2025. Houve um aumento de oito casos quando comparado ao mesmo per\u00edodo de 2024. Apesar do crescimento do n\u00famero de casos, tamb\u00e9m foram registradas sete mortes no ano passado.<\/p>\n\n\n\n<p><strong>Estado do RJ<\/strong><\/p>\n\n\n\n<p>Dados do Painel Coronav\u00edrus, do Minist\u00e9rio da Sa\u00fade, apontam que somente no estado do Rio de Janeiro, j\u00e1 foram registrados mais de 4.800 casos prov\u00e1veis de covid-19 em 2025. Al\u00e9m dos casos prov\u00e1veis, 61 mortes em decorr\u00eancia da doen\u00e7a foram anotados no Rio, sendo seis destas somente na \u00faltima semana epidemiol\u00f3gica (entre os dias 2 a 8 de fevereiro).<\/p>\n\n\n\n<p><strong>Recomenda\u00e7\u00f5es<\/strong><\/p>\n\n\n\n<p>A pesquisadora traz recomenda\u00e7\u00f5es em caso de aparecimento de sintomas de contamina\u00e7\u00e3o por algum v\u00edrus respirat\u00f3rio, especialmente para crian\u00e7as, neste per\u00edodo. &#8220;A orienta\u00e7\u00e3o \u00e9 ficar em casa em isolamento, recuperando-se da infec\u00e7\u00e3o, para evitar transmitir o v\u00edrus para outras crian\u00e7as dentro da escola. Se n\u00e3o for poss\u00edvel manter a crian\u00e7a dentro de casa em isolamento, a recomenda\u00e7\u00e3o \u00e9 que, caso ela j\u00e1 tenha idade adequada, v\u00e1 para a escola usando uma boa m\u00e1scara, especialmente dentro da sala de aula&#8221;, disse.<\/p>\n\n\n\n<p>Outro ponto importante, para o combate ao v\u00edrus, \u00e9 que as pessoas mantenham a vacina\u00e7\u00e3o contra a covid-19 em dia. No munic\u00edpio de Petr\u00f3polis, apenas 14 doses de vacina da covid-19 foram aplicadas at\u00e9 o momento em 2025. O n\u00famero \u00e9 preocupante, pois mesmo em um recorte maior, representa cerca de 2% do total aplicado em janeiro de 2024, quando foram aplicadas 713 doses no munic\u00edpio.<\/p>\n","protected":false},"excerpt":{"rendered":"<p>Por Hugo Petersen O munic\u00edpio de Petr\u00f3polis j\u00e1 registrou 172 casos prov\u00e1veis e sete mortes<\/p>\n","protected":false},"author":2,"featured_media":99334,"comment_status":"open","ping_status":"open","sticky":false,"template":"","format":"standard","meta":{"footnotes":""},"categories":[12],"tags":[],"class_list":["post-99333","post","type-post","status-publish","format-standard","has-post-thumbnail","hentry","category-cidade"],"_links":{"self":[{"href":"https:\/\/tvc16.com\/portal\/wp-json\/wp\/v2\/posts\/99333","targetHints":{"allow":["GET"]}}],"collection":[{"href":"https:\/\/tvc16.com\/portal\/wp-json\/wp\/v2\/posts"}],"about":[{"href":"https:\/\/tvc16.com\/portal\/wp-json\/wp\/v2\/types\/post"}],"author":[{"embeddable":true,"href":"https:\/\/tvc16.com\/portal\/wp-json\/wp\/v2\/users\/2"}],"replies":[{"embeddable":true,"href":"https:\/\/tvc16.com\/portal\/wp-json\/wp\/v2\/comments?post=99333"}],"version-history":[{"count":1,"href":"https:\/\/tvc16.com\/portal\/wp-json\/wp\/v2\/posts\/99333\/revisions"}],"predecessor-version":[{"id":99335,"href":"https:\/\/tvc16.com\/portal\/wp-json\/wp\/v2\/posts\/99333\/revisions\/99335"}],"wp:featuredmedia":[{"embeddable":true,"href":"https:\/\/tvc16.com\/portal\/wp-json\/wp\/v2\/media\/99334"}],"wp:attachment":[{"href":"https:\/\/tvc16.com\/portal\/wp-json\/wp\/v2\/media?parent=99333"}],"wp:term":[{"taxonomy":"category","embeddable":true,"href":"https:\/\/tvc16.com\/portal\/wp-json\/wp\/v2\/categories?post=99333"},{"taxonomy":"post_tag","embeddable":true,"href":"https:\/\/tvc16.com\/portal\/wp-json\/wp\/v2\/tags?post=99333"}],"curies":[{"name":"wp","href":"https:\/\/api.w.org\/{rel}","templated":true}]}}