{"id":99340,"date":"2025-02-18T08:57:10","date_gmt":"2025-02-18T11:57:10","guid":{"rendered":"https:\/\/tvc16.com\/portal\/?p=99340"},"modified":"2025-02-18T08:57:13","modified_gmt":"2025-02-18T11:57:13","slug":"policia-civil-prende-homem-acusado-de-associacao-criminosa-em-tres-rios","status":"publish","type":"post","link":"https:\/\/tvc16.com\/portal\/2025\/02\/18\/policia-civil-prende-homem-acusado-de-associacao-criminosa-em-tres-rios\/","title":{"rendered":"Pol\u00edcia Civil prende homem acusado de associa\u00e7\u00e3o criminosa em Tr\u00eas Rios"},"content":{"rendered":"\n<p>Policiais civis da 108\u00aa DP (Tr\u00eas Rios), em a\u00e7\u00e3o integrada com a Pol\u00edcia Militar, prenderam, neste domingo 16\/02, um homem acusado de associa\u00e7\u00e3o criminosa e tortura. O criminoso foi localizado e capturado no munic\u00edpio de Tr\u00eas Rios, na Regi\u00e3o Centro-Sul Fluminense, ap\u00f3s trabalho de intelig\u00eancia e monitoramento.<\/p>\n\n\n\n<p>O crime ocorreu em janeiro de 2025. Segundo as investiga\u00e7\u00f5es, ao ser preso em flagrante, o autor utilizou os dados do pr\u00f3prio irm\u00e3o ao ser detido pelos agentes.<\/p>\n\n\n\n<p>O autor era considerado foragido da justi\u00e7a. Contra ele, foi cumprido mandado de pris\u00e3o.<\/p>\n","protected":false},"excerpt":{"rendered":"<p>Policiais civis da 108\u00aa DP (Tr\u00eas Rios), em a\u00e7\u00e3o integrada com a Pol\u00edcia Militar, prenderam,<\/p>\n","protected":false},"author":2,"featured_media":99341,"comment_status":"open","ping_status":"open","sticky":false,"template":"","format":"standard","meta":{"footnotes":""},"categories":[17],"tags":[],"class_list":["post-99340","post","type-post","status-publish","format-standard","has-post-thumbnail","hentry","category-outras-noticias"],"_links":{"self":[{"href":"https:\/\/tvc16.com\/portal\/wp-json\/wp\/v2\/posts\/99340","targetHints":{"allow":["GET"]}}],"collection":[{"href":"https:\/\/tvc16.com\/portal\/wp-json\/wp\/v2\/posts"}],"about":[{"href":"https:\/\/tvc16.com\/portal\/wp-json\/wp\/v2\/types\/post"}],"author":[{"embeddable":true,"href":"https:\/\/tvc16.com\/portal\/wp-json\/wp\/v2\/users\/2"}],"replies":[{"embeddable":true,"href":"https:\/\/tvc16.com\/portal\/wp-json\/wp\/v2\/comments?post=99340"}],"version-history":[{"count":1,"href":"https:\/\/tvc16.com\/portal\/wp-json\/wp\/v2\/posts\/99340\/revisions"}],"predecessor-version":[{"id":99342,"href":"https:\/\/tvc16.com\/portal\/wp-json\/wp\/v2\/posts\/99340\/revisions\/99342"}],"wp:featuredmedia":[{"embeddable":true,"href":"https:\/\/tvc16.com\/portal\/wp-json\/wp\/v2\/media\/99341"}],"wp:attachment":[{"href":"https:\/\/tvc16.com\/portal\/wp-json\/wp\/v2\/media?parent=99340"}],"wp:term":[{"taxonomy":"category","embeddable":true,"href":"https:\/\/tvc16.com\/portal\/wp-json\/wp\/v2\/categories?post=99340"},{"taxonomy":"post_tag","embeddable":true,"href":"https:\/\/tvc16.com\/portal\/wp-json\/wp\/v2\/tags?post=99340"}],"curies":[{"name":"wp","href":"https:\/\/api.w.org\/{rel}","templated":true}]}}