{"id":99343,"date":"2025-02-18T08:59:59","date_gmt":"2025-02-18T11:59:59","guid":{"rendered":"https:\/\/tvc16.com\/portal\/?p=99343"},"modified":"2025-02-18T10:40:36","modified_gmt":"2025-02-18T13:40:36","slug":"apos-48-dias-gilda-beatriz-volta-a-camara-municipal","status":"publish","type":"post","link":"https:\/\/tvc16.com\/portal\/2025\/02\/18\/apos-48-dias-gilda-beatriz-volta-a-camara-municipal\/","title":{"rendered":"Ap\u00f3s 48 dias, Gilda Beatriz volta \u00e0 C\u00e2mara Municipal"},"content":{"rendered":"\n<p>O per\u00edodo no executivo municipal foi curto. Ap\u00f3s 48 dias atuando como Secret\u00e1ria da Pessoa com Defici\u00eancia, Mobilidade Reduzida e Doen\u00e7as Raras, e na secretaria de Direitos e Pol\u00edticas para as Mulheres, Gilda Beatriz (PP), voltar\u00e1 para o legislativo. Nesta segunda-feira (17), o suplente Henrique Laranja (PP), divulgou um v\u00eddeo nas redes sociais, se despedindo do legislativo. <\/p>\n\n\n\n<p>Apesar de o motivo pelo qual deixou o executivo n\u00e3o ter sido divulgado, o retorno de Gilda \u00e0 C\u00e2mara pode ser tenso. na \u00faltima sess\u00e3o legislativa, por cerca de 50 minutos, os parlamentares Gil Magno (PSB) e L\u00e9o Fran\u00e7a (PSB), criticaram durante a atua\u00e7\u00e3o de Gilda.<\/p>\n","protected":false},"excerpt":{"rendered":"<p>O per\u00edodo no executivo municipal foi curto. Ap\u00f3s 48 dias atuando como Secret\u00e1ria da Pessoa<\/p>\n","protected":false},"author":2,"featured_media":79163,"comment_status":"open","ping_status":"open","sticky":false,"template":"","format":"standard","meta":{"footnotes":""},"categories":[12],"tags":[],"class_list":["post-99343","post","type-post","status-publish","format-standard","has-post-thumbnail","hentry","category-cidade"],"_links":{"self":[{"href":"https:\/\/tvc16.com\/portal\/wp-json\/wp\/v2\/posts\/99343","targetHints":{"allow":["GET"]}}],"collection":[{"href":"https:\/\/tvc16.com\/portal\/wp-json\/wp\/v2\/posts"}],"about":[{"href":"https:\/\/tvc16.com\/portal\/wp-json\/wp\/v2\/types\/post"}],"author":[{"embeddable":true,"href":"https:\/\/tvc16.com\/portal\/wp-json\/wp\/v2\/users\/2"}],"replies":[{"embeddable":true,"href":"https:\/\/tvc16.com\/portal\/wp-json\/wp\/v2\/comments?post=99343"}],"version-history":[{"count":3,"href":"https:\/\/tvc16.com\/portal\/wp-json\/wp\/v2\/posts\/99343\/revisions"}],"predecessor-version":[{"id":99356,"href":"https:\/\/tvc16.com\/portal\/wp-json\/wp\/v2\/posts\/99343\/revisions\/99356"}],"wp:featuredmedia":[{"embeddable":true,"href":"https:\/\/tvc16.com\/portal\/wp-json\/wp\/v2\/media\/79163"}],"wp:attachment":[{"href":"https:\/\/tvc16.com\/portal\/wp-json\/wp\/v2\/media?parent=99343"}],"wp:term":[{"taxonomy":"category","embeddable":true,"href":"https:\/\/tvc16.com\/portal\/wp-json\/wp\/v2\/categories?post=99343"},{"taxonomy":"post_tag","embeddable":true,"href":"https:\/\/tvc16.com\/portal\/wp-json\/wp\/v2\/tags?post=99343"}],"curies":[{"name":"wp","href":"https:\/\/api.w.org\/{rel}","templated":true}]}}