{"id":99346,"date":"2025-02-18T09:03:59","date_gmt":"2025-02-18T12:03:59","guid":{"rendered":"https:\/\/tvc16.com\/portal\/?p=99346"},"modified":"2025-02-18T09:04:01","modified_gmt":"2025-02-18T12:04:01","slug":"joao-fonseca-estreia-nesta-terca-feira-no-rio-open-embalado-pelo-primeiro-titulo","status":"publish","type":"post","link":"https:\/\/tvc16.com\/portal\/2025\/02\/18\/joao-fonseca-estreia-nesta-terca-feira-no-rio-open-embalado-pelo-primeiro-titulo\/","title":{"rendered":"Jo\u00e3o Fonseca estreia nesta ter\u00e7a-feira no Rio Open embalado pelo primeiro t\u00edtulo"},"content":{"rendered":"\n<p><em>N\u00famero 2 do mundo, Alexander Zverev abre a rodada noturna na Quadra Guga Kuerten.<br><\/em><\/p>\n\n\n\n<p>O fen\u00f4meno Jo\u00e3o Fonseca estreia nesta ter\u00e7a-feira no&nbsp;<strong>Rio Open<\/strong>, apresentado pela Claro, depois de conquistar o primeiro t\u00edtulo ATP da carreira e se tornar o n\u00famero 1 do Brasil ao entrar no top 70 do ranking mundial. O carioca que \u00e9 cria do maior torneio da Am\u00e9rica do Sul faz o \u00faltimo jogo da programa\u00e7\u00e3o noturna na Quadra Guga Kuerten contra o franc\u00eas Alexandre Muller.<\/p>\n\n\n\n<p><br>Fonseca falou aos jornalistas na sala de imprensa do Jockey Club Brasileiro sobre a sensa\u00e7\u00e3o de ganhar o primeiro t\u00edtulo e a motiva\u00e7\u00e3o para tentar mais uma grande campanha no Rio de Janeiro, sua cidade-natal.<\/p>\n\n\n\n<p>&#8220;Essa semana aqui consegui realmente ver o quanto tudo mudou. Me sinto muito feliz, orgulhoso de mim mesmo, mas ao mesmo tempo sempre querendo mais vendo crian\u00e7as torcendo por mim, me vendo como exemplo, como inspira\u00e7\u00e3o. Isso te d\u00e1 for\u00e7a para seguir trabalhando para cada vez mais querer chegar no seu sonho que \u00e9 ser n\u00famero 1 do mundo&#8221;, disse Fonseca.<\/p>\n\n\n\n<p><br>&#8220;Obviamente vem muita expectativa para o jogo logo depois do t\u00edtulo, depois de um ano que muita coisa mudou, saindo de 700 ano passado e agora estou no 70. Vai ser muito diferente, mas ao mesmo tempo \u00e9 um salto importante. Tem que ter maturidade para passar o que aconteceu, meu primeiro t\u00edtulo, isso \u00e9 passado e agora \u00e9 focar no presente, no futuro, no que pode acontecer aqui no Rio Open&#8221;, completou.<\/p>\n\n\n\n<p><br>O tenista brasileiro treinou nesta segunda-feira no Jockey Club Brasileiro e ressalta que suas condi\u00e7\u00f5es f\u00edsicas est\u00e3o boas para fazer uma grande partida de estreia no ATP 500 carioca.<\/p>\n\n\n\n<p><br>&#8220;Eu estou \u00f3timo fisicamente. Obviamente foi uma semana cansativa, mas estou bem preparado. Estou me sentindo super bem, preparado para o jogo de amanh\u00e3, para essa semana, vai ser uma semana cansativa e ao mesmo tempo muito legal&#8221;, conclui.<\/p>\n\n\n\n<p><strong>Jo\u00e3o Fonseca se encontra com Rebeca Andrade no Rio Open<\/strong><\/p>\n\n\n\n<p><br>Ap\u00f3s fazer seu primeiro treino no Rio Open, Jo\u00e3o Fonseca se encontrou com a ginasta Rebeca Andrade, maior medalhista ol\u00edmpica brasileira, no Jockey Club Brasileiro. Ela foi a estrela da cerim\u00f4nia oficial de abertura do torneio e levou \u00e0 Quadra Guga Kuerten o trof\u00e9u que ser\u00e1 entregue ao campe\u00e3o no pr\u00f3ximo domingo.<\/p>\n\n\n\n<p><br>Rebeca falou aos jornalistas sobre sua admira\u00e7\u00e3o pelo t\u00eanis e contou que se sente representada por Jo\u00e3o Fonseca.<\/p>\n","protected":false},"excerpt":{"rendered":"<p>N\u00famero 2 do mundo, Alexander Zverev abre a rodada noturna na Quadra Guga Kuerten. O<\/p>\n","protected":false},"author":2,"featured_media":99347,"comment_status":"open","ping_status":"open","sticky":false,"template":"","format":"standard","meta":{"footnotes":""},"categories":[17],"tags":[],"class_list":["post-99346","post","type-post","status-publish","format-standard","has-post-thumbnail","hentry","category-outras-noticias"],"_links":{"self":[{"href":"https:\/\/tvc16.com\/portal\/wp-json\/wp\/v2\/posts\/99346","targetHints":{"allow":["GET"]}}],"collection":[{"href":"https:\/\/tvc16.com\/portal\/wp-json\/wp\/v2\/posts"}],"about":[{"href":"https:\/\/tvc16.com\/portal\/wp-json\/wp\/v2\/types\/post"}],"author":[{"embeddable":true,"href":"https:\/\/tvc16.com\/portal\/wp-json\/wp\/v2\/users\/2"}],"replies":[{"embeddable":true,"href":"https:\/\/tvc16.com\/portal\/wp-json\/wp\/v2\/comments?post=99346"}],"version-history":[{"count":1,"href":"https:\/\/tvc16.com\/portal\/wp-json\/wp\/v2\/posts\/99346\/revisions"}],"predecessor-version":[{"id":99348,"href":"https:\/\/tvc16.com\/portal\/wp-json\/wp\/v2\/posts\/99346\/revisions\/99348"}],"wp:featuredmedia":[{"embeddable":true,"href":"https:\/\/tvc16.com\/portal\/wp-json\/wp\/v2\/media\/99347"}],"wp:attachment":[{"href":"https:\/\/tvc16.com\/portal\/wp-json\/wp\/v2\/media?parent=99346"}],"wp:term":[{"taxonomy":"category","embeddable":true,"href":"https:\/\/tvc16.com\/portal\/wp-json\/wp\/v2\/categories?post=99346"},{"taxonomy":"post_tag","embeddable":true,"href":"https:\/\/tvc16.com\/portal\/wp-json\/wp\/v2\/tags?post=99346"}],"curies":[{"name":"wp","href":"https:\/\/api.w.org\/{rel}","templated":true}]}}