{"id":9935,"date":"2021-01-28T07:32:58","date_gmt":"2021-01-28T10:32:58","guid":{"rendered":"https:\/\/tvc16.com\/portal\/?p=9935"},"modified":"2021-01-28T07:33:42","modified_gmt":"2021-01-28T10:33:42","slug":"auxilio-emergencial-e-aprovado-para-196-mil-pessoas-pagamento-comeca-a-ser-feito-nessa-quinta-28-para-quem-fez-contestacao","status":"publish","type":"post","link":"https:\/\/tvc16.com\/portal\/2021\/01\/28\/auxilio-emergencial-e-aprovado-para-196-mil-pessoas-pagamento-comeca-a-ser-feito-nessa-quinta-28-para-quem-fez-contestacao\/","title":{"rendered":"Aux\u00edlio emergencial \u00e9 aprovado para 196 mil pessoas. Pagamento come\u00e7a a ser feito nesta quinta (28) para quem fez contesta\u00e7\u00e3o"},"content":{"rendered":"\n<p>Cerca de 196 mil pessoas v\u00e3o receber, a partir do dia 28 de janeiro, o aux\u00edlio emergencial. O governo federal estima que sejam pagos cerca de R$ 248 milh\u00f5es com o benef\u00edcio.&nbsp;<\/p>\n\n\n\n<p>Entre as pessoas aptas a receber o aux\u00edlio, est\u00e3o 191 mil que contestaram a suspens\u00e3o do benef\u00edcio entre os dias 7 e 16 de novembro e entre 13 e 31 de dezembro do ano passado. Al\u00e9m disso, devem receber tamb\u00e9m cerca de cinco mil pessoas que tiveram os pagamentos reavaliados na primeira semana de janeiro de 2021. Essas pessoas receber\u00e3o todas as parcelas a que t\u00eam direito de uma s\u00f3 vez.<\/p>\n\n\n\n<p><a href=\"https:\/\/brasil61.com\/noticias\/nascidos-em-novembro-ja-podem-sacar-auxilio-emergencial-bras213556\" target=\"_blank\" rel=\"noreferrer noopener\">Nascidos em novembro j\u00e1 podem sacar aux\u00edlio emergencial<\/a><\/p>\n\n\n\n<p><a href=\"https:\/\/brasil61.com\/noticias\/governo-divulga-calendario-anual-de-pagamentos-do-bolsa-familia-bras213353\" target=\"_blank\" rel=\"noreferrer noopener\">Governo divulga calend\u00e1rio anual de pagamentos do Bolsa Fam\u00edlia<\/a><\/p>\n\n\n\n<p><a href=\"https:\/\/brasil61.com\/noticias\/inseguranca-alimentar-atinge-12-das-familias-do-nordeste-ucef210075\" target=\"_blank\" rel=\"noreferrer noopener\">Inseguran\u00e7a alimentar atinge 12% das fam\u00edlias do Nordeste<\/a><\/p>\n\n\n\n<p>De acordo com levantamento do Minist\u00e9rio da Cidadania, mais de oito mil cidad\u00e3os receber\u00e3o a segunda, terceira, quarta e quinta parcelas do aux\u00edlio emergencial, concedido em raz\u00e3o da pandemia.&nbsp;<\/p>\n\n\n\n<p>Os recursos ser\u00e3o depositados na poupan\u00e7a social digital da Caixa e estar\u00e3o dispon\u00edveis nessa quinta-feira (28) para movimenta\u00e7\u00e3o por meio do aplicativo Caixa Tem e para saques e transfer\u00eancias para outros bancos.<\/p>\n\n\n\n<p>Fonte: <a href=\"https:\/\/brasil61.com\/noticias\/auxilio-emergencial-e-aprovado-para-196-mil-pessoas-bras213576?email=bethdeoliveira@yahoo.com.br&amp;utm_source=newsletter&amp;utm_medium=newsletter&amp;utm_campaign=newsletter\" target=\"_blank\" rel=\"noreferrer noopener\">Brasil 61<\/a><\/p>\n\n\n\n<p><\/p>\n\n\n\n<p><\/p>\n","protected":false},"excerpt":{"rendered":"<p>Cerca de 196 mil pessoas v\u00e3o receber, a partir do dia 28 de janeiro, o<\/p>\n","protected":false},"author":2,"featured_media":9936,"comment_status":"open","ping_status":"open","sticky":false,"template":"","format":"standard","meta":{"footnotes":""},"categories":[17],"tags":[],"class_list":["post-9935","post","type-post","status-publish","format-standard","has-post-thumbnail","hentry","category-outras-noticias"],"_links":{"self":[{"href":"https:\/\/tvc16.com\/portal\/wp-json\/wp\/v2\/posts\/9935","targetHints":{"allow":["GET"]}}],"collection":[{"href":"https:\/\/tvc16.com\/portal\/wp-json\/wp\/v2\/posts"}],"about":[{"href":"https:\/\/tvc16.com\/portal\/wp-json\/wp\/v2\/types\/post"}],"author":[{"embeddable":true,"href":"https:\/\/tvc16.com\/portal\/wp-json\/wp\/v2\/users\/2"}],"replies":[{"embeddable":true,"href":"https:\/\/tvc16.com\/portal\/wp-json\/wp\/v2\/comments?post=9935"}],"version-history":[{"count":2,"href":"https:\/\/tvc16.com\/portal\/wp-json\/wp\/v2\/posts\/9935\/revisions"}],"predecessor-version":[{"id":9938,"href":"https:\/\/tvc16.com\/portal\/wp-json\/wp\/v2\/posts\/9935\/revisions\/9938"}],"wp:featuredmedia":[{"embeddable":true,"href":"https:\/\/tvc16.com\/portal\/wp-json\/wp\/v2\/media\/9936"}],"wp:attachment":[{"href":"https:\/\/tvc16.com\/portal\/wp-json\/wp\/v2\/media?parent=9935"}],"wp:term":[{"taxonomy":"category","embeddable":true,"href":"https:\/\/tvc16.com\/portal\/wp-json\/wp\/v2\/categories?post=9935"},{"taxonomy":"post_tag","embeddable":true,"href":"https:\/\/tvc16.com\/portal\/wp-json\/wp\/v2\/tags?post=9935"}],"curies":[{"name":"wp","href":"https:\/\/api.w.org\/{rel}","templated":true}]}}