{"id":99352,"date":"2025-02-18T10:26:57","date_gmt":"2025-02-18T13:26:57","guid":{"rendered":"https:\/\/tvc16.com\/portal\/?p=99352"},"modified":"2025-02-18T10:27:11","modified_gmt":"2025-02-18T13:27:11","slug":"cerca-de-20-pessoas-ficam-feridas-em-grave-acidente-na-manha-desta-terca-feira-em-paraiba-do-sul","status":"publish","type":"post","link":"https:\/\/tvc16.com\/portal\/2025\/02\/18\/cerca-de-20-pessoas-ficam-feridas-em-grave-acidente-na-manha-desta-terca-feira-em-paraiba-do-sul\/","title":{"rendered":"Cerca de 20 pessoas ficam feridas em grave acidente na manh\u00e3 desta ter\u00e7a-feira em Para\u00edba do Sul"},"content":{"rendered":"\n<p>Na manh\u00e3 desta ter\u00e7a-feira (18), um grave acidente foi registrado na BR-393, na altura do quil\u00f4metro 180, em Para\u00edba do Sul. Um caminh\u00e3o colidiu contra um \u00f4nibus da Via\u00e7\u00e3o Progresso. De acordo com o Corpo de Bombeiros, foram registradas uma v\u00edtima grave, sete que tiveram ferimentos moderados e 12 ferimentos leves. Os quarteis de Tr\u00eas Rios, Itaipava e Petr\u00f3polis foram acionados as 08h35 da manh\u00e3.<\/p>\n\n\n\n<p>De acordo com a Pol\u00edcia Rodovi\u00e1ria Federal, a pista segue interditada e os agentes apuram o motivo do acidente.&nbsp; A Via\u00e7\u00e3o Progresso ainda n\u00e3o divulgou uma nota oficial, mas informou que est\u00e1 apurando o caso.<\/p>\n","protected":false},"excerpt":{"rendered":"<p>Na manh\u00e3 desta ter\u00e7a-feira (18), um grave acidente foi registrado na BR-393, na altura do<\/p>\n","protected":false},"author":2,"featured_media":99353,"comment_status":"open","ping_status":"open","sticky":false,"template":"","format":"standard","meta":{"footnotes":""},"categories":[17],"tags":[],"class_list":["post-99352","post","type-post","status-publish","format-standard","has-post-thumbnail","hentry","category-outras-noticias"],"_links":{"self":[{"href":"https:\/\/tvc16.com\/portal\/wp-json\/wp\/v2\/posts\/99352","targetHints":{"allow":["GET"]}}],"collection":[{"href":"https:\/\/tvc16.com\/portal\/wp-json\/wp\/v2\/posts"}],"about":[{"href":"https:\/\/tvc16.com\/portal\/wp-json\/wp\/v2\/types\/post"}],"author":[{"embeddable":true,"href":"https:\/\/tvc16.com\/portal\/wp-json\/wp\/v2\/users\/2"}],"replies":[{"embeddable":true,"href":"https:\/\/tvc16.com\/portal\/wp-json\/wp\/v2\/comments?post=99352"}],"version-history":[{"count":2,"href":"https:\/\/tvc16.com\/portal\/wp-json\/wp\/v2\/posts\/99352\/revisions"}],"predecessor-version":[{"id":99355,"href":"https:\/\/tvc16.com\/portal\/wp-json\/wp\/v2\/posts\/99352\/revisions\/99355"}],"wp:featuredmedia":[{"embeddable":true,"href":"https:\/\/tvc16.com\/portal\/wp-json\/wp\/v2\/media\/99353"}],"wp:attachment":[{"href":"https:\/\/tvc16.com\/portal\/wp-json\/wp\/v2\/media?parent=99352"}],"wp:term":[{"taxonomy":"category","embeddable":true,"href":"https:\/\/tvc16.com\/portal\/wp-json\/wp\/v2\/categories?post=99352"},{"taxonomy":"post_tag","embeddable":true,"href":"https:\/\/tvc16.com\/portal\/wp-json\/wp\/v2\/tags?post=99352"}],"curies":[{"name":"wp","href":"https:\/\/api.w.org\/{rel}","templated":true}]}}