{"id":99357,"date":"2025-02-19T06:00:00","date_gmt":"2025-02-19T09:00:00","guid":{"rendered":"https:\/\/tvc16.com\/portal\/?p=99357"},"modified":"2025-02-18T11:04:20","modified_gmt":"2025-02-18T14:04:20","slug":"resultado-do-fies-2025-e-divulgado-nesta-terca-feira","status":"publish","type":"post","link":"https:\/\/tvc16.com\/portal\/2025\/02\/19\/resultado-do-fies-2025-e-divulgado-nesta-terca-feira\/","title":{"rendered":"Resultado do Fies 2025 \u00e9 divulgado nesta ter\u00e7a-feira"},"content":{"rendered":"\n<p><em>Estudantes pr\u00e9-selecionados dever\u00e3o complementar inscri\u00e7\u00e3o<\/em><\/p>\n\n\n\n<p>Por Daniella Almeida &#8211; Rep\u00f3rter da Ag\u00eancia Brasil \/ Foto: Marcello Casal JrAg\u00eancia Brasil<\/p>\n\n\n\n<p><\/p>\n\n\n\n<p>O Minist\u00e9rio da Educa\u00e7\u00e3o (MEC) divulga, nesta ter\u00e7a-feira (18), o resultado e a ordem de classifica\u00e7\u00e3o dos inscritos no processo seletivo do Fundo de Financiamento Estudantil (Fies), referente ao primeiro semestre de 2025.<img decoding=\"async\" src=\"https:\/\/agenciabrasil.ebc.com.br\/ebc.png?id=1630765&amp;o=node\"><img decoding=\"async\" src=\"https:\/\/agenciabrasil.ebc.com.br\/ebc.gif?id=1630765&amp;o=node\"><\/p>\n\n\n\n<p>O\u202fresultado\u202fda pr\u00e9-sele\u00e7\u00e3o pode ser conferido&nbsp;em breve&nbsp;pelo\u202f<a href=\"https:\/\/acessounico.mec.gov.br\/fies\" target=\"_blank\" rel=\"noreferrer noopener\">Portal \u00danico de Acesso ao Ensino Superior<\/a>&nbsp;com senha da plataforma Gov.br<\/p>\n\n\n\n<p>Neste ano, o MEC&nbsp;oferecer\u00e1, ao todo, mais de 112 mil vagas em cursos superiores n\u00e3o gratuitos, divididas em dois processos seletivos. Desse total, s\u00e3o 67.301 vagas no primeiro semestre e 44.867, no segundo semestre.&nbsp;<\/p>\n\n\n\n<p>O programa federal financia as mensalidades do ensino superior a estudantes de baixa renda em universidades privadas, com o objetivo de democratizar o acesso \u00e0 educa\u00e7\u00e3o no pa\u00eds.&nbsp;<\/p>\n\n\n\n<h2 class=\"wp-block-heading\">Fies e Fies Social<\/h2>\n\n\n\n<p>H\u00e1 duas modalidades desta pol\u00edtica p\u00fablica. A primeira \u00e9 o Fies tradicional, que atende estudantes com renda de at\u00e9 tr\u00eas sal\u00e1rios m\u00ednimos e pode cobrir de 50% a 100% das mensalidades do curso.&nbsp;<\/p>\n\n\n\n<p>J\u00e1 o Fies Social tem como p\u00fablico alvo os estudantes com renda familiar per capita de at\u00e9 meio sal\u00e1rio m\u00ednimo e inscritos no Cadastro \u00danico para Programas Sociais do governo federal (Cad\u00danico) em situa\u00e7\u00e3o de ativos.<\/p>\n\n\n\n<p>Em todo o processo seletivo, 50% das vagas s\u00e3o reservadas ao Fies Social. Nesse caso,&nbsp;o governo federal concede at\u00e9 100% de financiamento dos encargos educacionais, cobrados pela institui\u00e7\u00e3o de ensino superior no curso, desde que n\u00e3o ultrapasse os valores definidos pelo comit\u00ea gestor do Fies.<\/p>\n\n\n\n<p>A situa\u00e7\u00e3o do candidato inscrito no Cad\u00danico foi verificada pelo MEC com base nos dados que estavam registrados at\u00e9 11 de janeiro de 2025.<\/p>\n\n\n\n<h2 class=\"wp-block-heading\">Cronograma<\/h2>\n\n\n\n<p>Entre 19 e 21 de fevereiro, os estudantes pr\u00e9-selecionados dever\u00e3o acessar o Fies Sele\u00e7\u00e3o para complementar a inscri\u00e7\u00e3o e obter o financiamento p\u00fablico das mensalidades em faculdades privadas.<\/p>\n\n\n\n<p>Os estudantes inscritos que ficarem fora da chamada regular do processo seletivo do Fies ir\u00e3o automaticamente para a lista de espera de&nbsp;vagas n\u00e3o preenchidas. Ou seja, o candidato n\u00e3o precisar\u00e1 manifestar seu interesse em participar,<\/p>\n\n\n\n<p>O per\u00edodo de convoca\u00e7\u00e3o por meio da lista de espera ser\u00e1 de 25 de fevereiro a 9 de abril.&nbsp;<\/p>\n\n\n\n<p>O\u00a0<a href=\"http:\/\/%20http\/\/portalfies.mec.gov.br\/arquivos\/edital_n_03_15012025.pdf\" target=\"_blank\" rel=\"noreferrer noopener\">edital<\/a>,\u00a0publicado pelo Minist\u00e9rio da Educa\u00e7\u00e3o\u00a0em janeiro, traz as regras e o cronograma do processo seletivo.<\/p>\n","protected":false},"excerpt":{"rendered":"<p>Estudantes pr\u00e9-selecionados dever\u00e3o complementar inscri\u00e7\u00e3o Por Daniella Almeida &#8211; Rep\u00f3rter da Ag\u00eancia Brasil \/ Foto:<\/p>\n","protected":false},"author":2,"featured_media":99358,"comment_status":"open","ping_status":"open","sticky":false,"template":"","format":"standard","meta":{"footnotes":""},"categories":[17],"tags":[],"class_list":["post-99357","post","type-post","status-publish","format-standard","has-post-thumbnail","hentry","category-outras-noticias"],"_links":{"self":[{"href":"https:\/\/tvc16.com\/portal\/wp-json\/wp\/v2\/posts\/99357","targetHints":{"allow":["GET"]}}],"collection":[{"href":"https:\/\/tvc16.com\/portal\/wp-json\/wp\/v2\/posts"}],"about":[{"href":"https:\/\/tvc16.com\/portal\/wp-json\/wp\/v2\/types\/post"}],"author":[{"embeddable":true,"href":"https:\/\/tvc16.com\/portal\/wp-json\/wp\/v2\/users\/2"}],"replies":[{"embeddable":true,"href":"https:\/\/tvc16.com\/portal\/wp-json\/wp\/v2\/comments?post=99357"}],"version-history":[{"count":2,"href":"https:\/\/tvc16.com\/portal\/wp-json\/wp\/v2\/posts\/99357\/revisions"}],"predecessor-version":[{"id":99366,"href":"https:\/\/tvc16.com\/portal\/wp-json\/wp\/v2\/posts\/99357\/revisions\/99366"}],"wp:featuredmedia":[{"embeddable":true,"href":"https:\/\/tvc16.com\/portal\/wp-json\/wp\/v2\/media\/99358"}],"wp:attachment":[{"href":"https:\/\/tvc16.com\/portal\/wp-json\/wp\/v2\/media?parent=99357"}],"wp:term":[{"taxonomy":"category","embeddable":true,"href":"https:\/\/tvc16.com\/portal\/wp-json\/wp\/v2\/categories?post=99357"},{"taxonomy":"post_tag","embeddable":true,"href":"https:\/\/tvc16.com\/portal\/wp-json\/wp\/v2\/tags?post=99357"}],"curies":[{"name":"wp","href":"https:\/\/api.w.org\/{rel}","templated":true}]}}