{"id":99360,"date":"2025-02-18T10:47:07","date_gmt":"2025-02-18T13:47:07","guid":{"rendered":"https:\/\/tvc16.com\/portal\/?p=99360"},"modified":"2025-02-18T10:48:08","modified_gmt":"2025-02-18T13:48:08","slug":"ministerio-do-trabalho-faz-operacao-na-cidade-do-samba-no-rio","status":"publish","type":"post","link":"https:\/\/tvc16.com\/portal\/2025\/02\/18\/ministerio-do-trabalho-faz-operacao-na-cidade-do-samba-no-rio\/","title":{"rendered":"Minist\u00e9rio do Trabalho faz opera\u00e7\u00e3o na Cidade do Samba, no Rio"},"content":{"rendered":"\n<p><em>\u00c9 para fiscalizar condi\u00e7\u00f5es dos barrac\u00f5es das escolas de samba<\/em><\/p>\n\n\n\n<p>Por Vitor Abdala &#8211; Rep\u00f3rter da Ag\u00eancia Brasil \/ Foto: Vitor Abdala\/Ag\u00eancia Brasil<\/p>\n\n\n\n<p><\/p>\n\n\n\n<p>Auditores Fiscais do Trabalho fazem, nesta ter\u00e7a-feira (18), uma opera\u00e7\u00e3o, com apoio da Pol\u00edcia Federal (PF), para analisar condi\u00e7\u00f5es trabalhistas e verificar poss\u00edveis irregularidades na Cidade do Samba, no centro do Rio de Janeiro. No local, funcionam as oficinas de constru\u00e7\u00e3o de alegorias das escolas de samba do Grupo Especial do carnaval carioca.<img decoding=\"async\" src=\"https:\/\/agenciabrasil.ebc.com.br\/ebc.png?id=1630763&amp;o=node\"><img decoding=\"async\" src=\"https:\/\/agenciabrasil.ebc.com.br\/ebc.gif?id=1630763&amp;o=node\"><\/p>\n\n\n\n<p>&nbsp;A inspe\u00e7\u00e3o ocorre uma semana depois de um inc\u00eandio em uma f\u00e1brica de fantasias de escolas da S\u00e9rie Ouro (a segunda divis\u00e3o do carnaval carioca), na zona norte da cidade, que matou uma pessoa e deixou outras 20 hospitalizadas.<\/p>\n\n\n\n<p>&#8220;A&nbsp;gente tem um operativo regular, anual, de fiscaliza\u00e7\u00e3o de tudo que \u00e9 envolvido na ind\u00fastria do carnaval carioca. A gente fiscaliza o Samb\u00f3dromo, a Cidade do Samba e as confec\u00e7\u00f5es. E hoje o que a gente vai fazer \u00e9 mais uma etapa desse operativo regular de fiscaliza\u00e7\u00e3o.&nbsp;Claro que o que aconteceu na semana passada, o inc\u00eandio aqui no Rio de Janeiro, \u00e9 um grande alerta&#8221;, explicou a chefe da Se\u00e7\u00e3o de Seguran\u00e7a e Sa\u00fade do Trabalho, do Minist\u00e9rio do Trabalho no Rio de Janeiro, Ana Luiza Horcades.<\/p>\n\n\n\n<h2 class=\"wp-block-heading\">Improvisa\u00e7\u00e3o<\/h2>\n\n\n\n<p>Segundo a auditora fiscal, o trabalho no carnaval \u00e9 caracterizado por improvisa\u00e7\u00f5es e informalidade.<\/p>\n\n\n\n<p>&#8220;Costuma-se encontrar trabalhadores sem registro, sem condi\u00e7\u00f5es m\u00ednimas de trabalho, sem treinamento para desenvolver as atividades que eles teriam que desenvolver, m\u00e1quinas e equipamentos muito prec\u00e1rios, quest\u00f5es relacionadas a riscos el\u00e9tricos, ac\u00famulo de materiais combust\u00edveis ou inflam\u00e1veis, produtos qu\u00edmicos. \u00c9 a conjun\u00e7\u00e3o de uma s\u00e9rie enorme de fatores favorecendo a ocorr\u00eancia de acidentes graves&#8221;, explicou Ana Luiza.<\/p>\n\n\n\n<p>Caso sejam encontradas irregularidades trabalhistas na Cidade do Samba, o Minist\u00e9rio do Trabalho pode aplicar multas ou, at\u00e9 mesmo, caso haja risco iminente para a seguran\u00e7a do trabalhador, interditar os locais.<br><\/p>\n","protected":false},"excerpt":{"rendered":"<p>\u00c9 para fiscalizar condi\u00e7\u00f5es dos barrac\u00f5es das escolas de samba Por Vitor Abdala &#8211; Rep\u00f3rter<\/p>\n","protected":false},"author":2,"featured_media":99361,"comment_status":"open","ping_status":"open","sticky":false,"template":"","format":"standard","meta":{"footnotes":""},"categories":[17],"tags":[],"class_list":["post-99360","post","type-post","status-publish","format-standard","has-post-thumbnail","hentry","category-outras-noticias"],"_links":{"self":[{"href":"https:\/\/tvc16.com\/portal\/wp-json\/wp\/v2\/posts\/99360","targetHints":{"allow":["GET"]}}],"collection":[{"href":"https:\/\/tvc16.com\/portal\/wp-json\/wp\/v2\/posts"}],"about":[{"href":"https:\/\/tvc16.com\/portal\/wp-json\/wp\/v2\/types\/post"}],"author":[{"embeddable":true,"href":"https:\/\/tvc16.com\/portal\/wp-json\/wp\/v2\/users\/2"}],"replies":[{"embeddable":true,"href":"https:\/\/tvc16.com\/portal\/wp-json\/wp\/v2\/comments?post=99360"}],"version-history":[{"count":1,"href":"https:\/\/tvc16.com\/portal\/wp-json\/wp\/v2\/posts\/99360\/revisions"}],"predecessor-version":[{"id":99362,"href":"https:\/\/tvc16.com\/portal\/wp-json\/wp\/v2\/posts\/99360\/revisions\/99362"}],"wp:featuredmedia":[{"embeddable":true,"href":"https:\/\/tvc16.com\/portal\/wp-json\/wp\/v2\/media\/99361"}],"wp:attachment":[{"href":"https:\/\/tvc16.com\/portal\/wp-json\/wp\/v2\/media?parent=99360"}],"wp:term":[{"taxonomy":"category","embeddable":true,"href":"https:\/\/tvc16.com\/portal\/wp-json\/wp\/v2\/categories?post=99360"},{"taxonomy":"post_tag","embeddable":true,"href":"https:\/\/tvc16.com\/portal\/wp-json\/wp\/v2\/tags?post=99360"}],"curies":[{"name":"wp","href":"https:\/\/api.w.org\/{rel}","templated":true}]}}