{"id":99367,"date":"2025-02-19T06:00:00","date_gmt":"2025-02-19T09:00:00","guid":{"rendered":"https:\/\/tvc16.com\/portal\/?p=99367"},"modified":"2025-02-18T11:16:38","modified_gmt":"2025-02-18T14:16:38","slug":"o-rei-leao-oficina-de-mascaras-e-workshop-musical-animam-o-pre-carnaval-no-shopping-vilarejo","status":"publish","type":"post","link":"https:\/\/tvc16.com\/portal\/2025\/02\/19\/o-rei-leao-oficina-de-mascaras-e-workshop-musical-animam-o-pre-carnaval-no-shopping-vilarejo\/","title":{"rendered":"O Rei Le\u00e3o: oficina de m\u00e1scaras e workshop musical animam o pr\u00e9-Carnaval no Shopping Vilarejo"},"content":{"rendered":"\n<p><em>Crian\u00e7as at\u00e9 11 anos poder\u00e3o se divertir gratuitamente com oficina criativa e espet\u00e1culo inspirado no cl\u00e1ssico infantil<\/em><\/p>\n\n\n\n<p>Em Itaipava, o aquecimento para o carnaval j\u00e1 come\u00e7a neste s\u00e1bado (22), com um evento especial para a crian\u00e7ada. A partir das 15h, a Pra\u00e7a do Sol, no Shopping Vilarejo, receber\u00e1 uma oficina infantil tem\u00e1tica de m\u00e1scaras do Rei Le\u00e3o, seguida de um workshop musical inspirado na anima\u00e7\u00e3o. O evento \u00e9 gratuito e aberto ao p\u00fablico, sem necessidade de inscri\u00e7\u00e3o.<\/p>\n\n\n\n<p>A atividade ser\u00e1 conduzida pelo Studio Rakkan, espa\u00e7o reconhecido por unir bem-estar e criatividade atrav\u00e9s de dan\u00e7a, yoga, massoterapia e outras viv\u00eancias art\u00edsticas. Durante a oficina, os pequenos poder\u00e3o confeccionar coroas de le\u00f5es e leoas para entrar no clima da hist\u00f3ria. Em seguida, a divers\u00e3o continua com uma dramatiza\u00e7\u00e3o musical, cheia de dan\u00e7a e magia.<\/p>\n\n\n\n<p>\u201cNosso objetivo \u00e9 proporcionar experi\u00eancias que conectam arte, movimento e cuidado. Essa oficina \u00e9 uma maneira l\u00fadica de incentivar a criatividade das crian\u00e7as e oferecer um momento especial para as fam\u00edlias\u201d, destaca Bia Coriolano, s\u00f3cia-propriet\u00e1ria do Studio Rakkan.<\/p>\n\n\n\n<p>Para Joana da Costa, tamb\u00e9m s\u00f3cia e professora do espa\u00e7o, a iniciativa refor\u00e7a o compromisso do Rakkan com a cultura e a educa\u00e7\u00e3o infantil. \u201cA arte transforma e ensina. Estamos muito felizes em trazer essa viv\u00eancia inspirada no Rei Le\u00e3o, um cl\u00e1ssico que emociona gera\u00e7\u00f5es\u201d, afirma.<\/p>\n\n\n\n<p>O administrador do Shopping Vilarejo, Tiago Corr\u00eaa, ressalta que a programa\u00e7\u00e3o infantil faz parte da proposta do espa\u00e7o de ser um ambiente familiar e acess\u00edvel. \u201cValorizamos eventos que re\u00fanam toda a fam\u00edlia e incentivem a cultura. Essa oficina e o teatro s\u00e3o uma excelente oportunidade para as crian\u00e7as aprenderem brincando\u201d, destaca Tiago.<\/p>\n\n\n\n<p>Carnaval no Vilarejo come\u00e7a com festa para os pets e segue com muita m\u00fasica e divers\u00e3o<\/p>\n\n\n\n<p>E logo depois come\u00e7a a folia: a programa\u00e7\u00e3o de Carnaval do Shopping Vilarejo come\u00e7a no dia 1\u00ba de mar\u00e7o com o Carnavau Au Au, um animado desfile de fantasias para pets e seus tutores, que acontece na Pra\u00e7a da Lua, \u00e0s 15h. O evento, que chega \u00e0 sua segunda edi\u00e7\u00e3o ap\u00f3s o grande sucesso do ano passado, premiar\u00e1 a dupla mais criativa \u2013 crian\u00e7a e pet fantasiados \u2013 com um overboard (patinete el\u00e9trico).<\/p>\n\n\n\n<p>J\u00e1 nos dias 2, 3 e 4 de mar\u00e7o (domingo a ter\u00e7a), a folia continua com o tradicional Carnaval do Taru\u00edra, que traz para a Pra\u00e7a do Sol um repert\u00f3rio cheio de marchinhas, sambas e chorinhos. O bailinho, que j\u00e1 se consolidou como um dos eventos mais aguardados do Carnaval petropolitano, re\u00fane foli\u00f5es de todas as idades e garante uma festa acess\u00edvel e animada. Toda a programa\u00e7\u00e3o \u00e9 gratuita.<\/p>\n\n\n\n<p>Servi\u00e7o:<\/p>\n\n\n\n<p>Oficina Studio Rakkan \ud83e\udd81<\/p>\n\n\n\n<p>\ud83d\udcc5 Data: 22 de fevereiro\/ s\u00e1bado<br>\ud83d\udd52 Hor\u00e1rio: 15h<br>\ud83c\udf9f Entrada: Gratuita<\/p>\n\n\n\n<p>Carnaval Au Au \ud83d\udc36<\/p>\n\n\n\n<p>\ud83d\udcc5 Data: 1\u00ba de mar\u00e7o\/ s\u00e1bado<br>\ud83d\udd52 Hor\u00e1rio: 15h<br>\ud83c\udf9f Entrada: Gratuita<\/p>\n\n\n\n<p>Carnaval Taru\u00edra \ud83c\udf89<\/p>\n\n\n\n<p>\ud83d\udcc5 Data: 2, 3 e 4 de mar\u00e7o\/domingo, segunda e ter\u00e7a<br>\ud83d\udd52 Hor\u00e1rio: 17h \u00e0s 21h<br>\ud83c\udf9f Entrada: Gratuita<\/p>\n\n\n\n<p>\ud83d\udccd Local: Shopping Vilarejo \u2013 Estrada Uni\u00e3o e Ind\u00fastria, 10.035 \u2013 Itaipava<\/p>\n\n\n\n<p>Hor\u00e1rio de funcionamento do shopping:<\/p>\n\n\n\n<ul class=\"wp-block-list\">\n<li>Ter\u00e7a-feira: 14h \u00e0s 19h<\/li>\n\n\n\n<li>Quarta a Sexta-feira: 10h \u00e0s 19h<\/li>\n\n\n\n<li>S\u00e1bado: 10h \u00e0s 20h<\/li>\n\n\n\n<li>Domingo: 10h \u00e0s 18h<\/li>\n<\/ul>\n\n\n\n<p>\ud83d\udcf2 Mais informa\u00e7\u00f5es: @shoppingvilarejo no Instagram<\/p>\n","protected":false},"excerpt":{"rendered":"<p>Crian\u00e7as at\u00e9 11 anos poder\u00e3o se divertir gratuitamente com oficina criativa e espet\u00e1culo inspirado no<\/p>\n","protected":false},"author":2,"featured_media":99368,"comment_status":"open","ping_status":"open","sticky":false,"template":"","format":"standard","meta":{"footnotes":""},"categories":[12],"tags":[],"class_list":["post-99367","post","type-post","status-publish","format-standard","has-post-thumbnail","hentry","category-cidade"],"_links":{"self":[{"href":"https:\/\/tvc16.com\/portal\/wp-json\/wp\/v2\/posts\/99367","targetHints":{"allow":["GET"]}}],"collection":[{"href":"https:\/\/tvc16.com\/portal\/wp-json\/wp\/v2\/posts"}],"about":[{"href":"https:\/\/tvc16.com\/portal\/wp-json\/wp\/v2\/types\/post"}],"author":[{"embeddable":true,"href":"https:\/\/tvc16.com\/portal\/wp-json\/wp\/v2\/users\/2"}],"replies":[{"embeddable":true,"href":"https:\/\/tvc16.com\/portal\/wp-json\/wp\/v2\/comments?post=99367"}],"version-history":[{"count":1,"href":"https:\/\/tvc16.com\/portal\/wp-json\/wp\/v2\/posts\/99367\/revisions"}],"predecessor-version":[{"id":99369,"href":"https:\/\/tvc16.com\/portal\/wp-json\/wp\/v2\/posts\/99367\/revisions\/99369"}],"wp:featuredmedia":[{"embeddable":true,"href":"https:\/\/tvc16.com\/portal\/wp-json\/wp\/v2\/media\/99368"}],"wp:attachment":[{"href":"https:\/\/tvc16.com\/portal\/wp-json\/wp\/v2\/media?parent=99367"}],"wp:term":[{"taxonomy":"category","embeddable":true,"href":"https:\/\/tvc16.com\/portal\/wp-json\/wp\/v2\/categories?post=99367"},{"taxonomy":"post_tag","embeddable":true,"href":"https:\/\/tvc16.com\/portal\/wp-json\/wp\/v2\/tags?post=99367"}],"curies":[{"name":"wp","href":"https:\/\/api.w.org\/{rel}","templated":true}]}}