{"id":99373,"date":"2025-02-19T05:00:00","date_gmt":"2025-02-19T08:00:00","guid":{"rendered":"https:\/\/tvc16.com\/portal\/?p=99373"},"modified":"2025-02-18T12:57:34","modified_gmt":"2025-02-18T15:57:34","slug":"prefeitura-reune-representantes-de-blocos-para-debater-seguranca-e-organizacao-na-folia-imperial-2025","status":"publish","type":"post","link":"https:\/\/tvc16.com\/portal\/2025\/02\/19\/prefeitura-reune-representantes-de-blocos-para-debater-seguranca-e-organizacao-na-folia-imperial-2025\/","title":{"rendered":"Prefeitura re\u00fane representantes de blocos para debater seguran\u00e7a e organiza\u00e7\u00e3o na Folia Imperial 2025"},"content":{"rendered":"\n<p>Na ter\u00e7a-feira (18), a Prefeitura fez uma reuni\u00e3o com representantes dos blocos e outros eventos que fazem parte da programa\u00e7\u00e3o da Folia Imperial 2025, para fazer os \u00faltimos ajustes para os oito dias de programa\u00e7\u00e3o do Carnaval. O tema central do encontro foi seguran\u00e7a p\u00fablica. Por isso, al\u00e9m das secretarias de Cultura, Assist\u00eancia Social, Seguran\u00e7a Servi\u00e7os e Ordem P\u00fablica &#8211; SSOP, Turismo, Sa\u00fade e da Companhia Petropolitana de Tr\u00e2nsito e Transportes &#8211; CPTrans, tamb\u00e9m estiveram presentes representantes da Pol\u00edcia Militar e do Corpo de Bombeiros.<\/p>\n\n\n\n<p>\u201cDesde o in\u00edcio desse processo a gente vem tendo um di\u00e1logo aberto com os blocos e com os realizadores de eventos. O maior objetivo \u00e9 ter um Carnaval da fam\u00edlia, seguro. Um Carnaval que valorize a nossa cultura, que gere renda e que seja organizado\u201d, disse o prefeito Hingo Hammes.<\/p>\n\n\n\n<p>Para garantir a seguran\u00e7a nos dias de folia, a orienta\u00e7\u00e3o da Pol\u00edcia Militar foi de que os respons\u00e1veis pelos blocos orientem as pessoas que v\u00e3o curtir a festa a respeitar as sinaliza\u00e7\u00f5es de tr\u00e2nsito, os hor\u00e1rios de in\u00edcio e t\u00e9rmino, a n\u00e3o utiliza\u00e7\u00e3o de carros com som n\u00e3o autorizado. \u201cNessa reuni\u00e3o n\u00f3s podemos conhecer os organizadores e entender a demanda deles por seguran\u00e7a e n\u00f3s passamos o nosso planejamento de como vamos desempenhar as a\u00e7\u00f5es de seguran\u00e7a neste Carnaval\u201d, explicou o major Carlos Henrique, do 26\u00ba BPM.<\/p>\n\n\n\n<p>Para quem faz a festa, um di\u00e1logo necess\u00e1rio. \u201c\u00c9 muito importante para a gente fazer um Carnaval organizado. Nosso Carnaval \u00e9 voltado para a fam\u00edlia. A gente tem programa\u00e7\u00e3o para crian\u00e7as. Ent\u00e3o, todo esse suporte que o Instituto Municipal de Cultura tem dado para a gente \u00e9 muito importante\u201d, destaca o presidente do Bloco General Marciano Magalh\u00e3es, do Morin. \u201cNo ano passado, a gente entregou um Carnaval bem organizado para a cidade. Ent\u00e3o a expectativa \u00e9 de que o p\u00fablico se divirta bastante e todo mundo tenha seguran\u00e7a para o evento\u201d, ressaltou Gabriela Rosendo, organizado da Feira Deguste.<\/p>\n\n\n\n<p>Os blocos v\u00e3o receber apoio de diferentes secretarias do Governo Municipal, com apoio com banheiros qu\u00edmicos, barracas, palcos e carros de som, assim como da Guarda Civil Municipal e dos agentes de tr\u00e2nsito. \u201cA gente conversou para acertar a fiscaliza\u00e7\u00e3o e o ordenamento na medida certa. Para que haja a liberdade dos blocos fazerem a folia, mas que isso ocorra de forma organizada para toda a cidade\u201d, explicou Luciano Moreira, presidente da CPTrans. \u201cFoi uma reuni\u00e3o para que a gente possa estar preparados garantir a seguran\u00e7a de todos na nossa cidade. Principalmente no p\u00f3s festa, para n\u00e3o deixar que ningu\u00e9m se exceda\u201d, pontuou o secret\u00e1rio de Seguran\u00e7a e Ordem P\u00fablica, Marcelo Chit\u00e3o.<\/p>\n\n\n\n<p><strong>Oito dias de evento<\/strong><\/p>\n\n\n\n<p>A programa\u00e7\u00e3o da Folia Imperial 2025 j\u00e1 est\u00e1 dispon\u00edvel no site da Prefeitura de Petr\u00f3polis neste link: <a href=\"https:\/\/www.petropolis.rj.gov.br\/pmp\/phocadownload\/destaques\/2025\/programacao_folia_imperial_2025.pdf\">https:\/\/www.petropolis.rj.gov.br\/pmp\/phocadownload\/destaques\/2025\/programacao_folia_imperial_2025.pdf<\/a>. S\u00e3o oito dias, com mais de 60 eventos. Um dos grandes destaques \u00e9 o evento de abertura, com a Bateria da Mangueira, no dia 28 de fevereiro, \u00e0s 20h, na Pra\u00e7a Visconde de Mau\u00e1 (Pra\u00e7a da \u00c1guia). A expectativa \u00e9 de mais de 100 mil pessoas em todos os dias de Carnaval.<\/p>\n\n\n\n<p>\u201cA gente come\u00e7a nos dias 21, 22 e 23 com a Feira Deguste e com alguns blocos fazendo esse pr\u00e9-Carnaval. Depois a gente segue com uma extensa programa\u00e7\u00e3o entre os dias 28 e 4 de mar\u00e7o. Teremos matin\u00eas para as crian\u00e7as em v\u00e1rios pontos da cidade. \u00c9 sobretudo um Carnaval para a fam\u00edlia petropolitana e aquelas que decidirem visitar a cidade. Um Carnaval com foco na seguran\u00e7a e na valoriza\u00e7\u00e3o da nossa cultura\u201d, destacou o presidente do IMC, Adenilson Honorato.<\/p>\n\n\n\n<p>Foto: divulga\u00e7\u00e3o <\/p>\n","protected":false},"excerpt":{"rendered":"<p>Na ter\u00e7a-feira (18), a Prefeitura fez uma reuni\u00e3o com representantes dos blocos e outros eventos<\/p>\n","protected":false},"author":2,"featured_media":99374,"comment_status":"open","ping_status":"open","sticky":false,"template":"","format":"standard","meta":{"footnotes":""},"categories":[12],"tags":[],"class_list":["post-99373","post","type-post","status-publish","format-standard","has-post-thumbnail","hentry","category-cidade"],"_links":{"self":[{"href":"https:\/\/tvc16.com\/portal\/wp-json\/wp\/v2\/posts\/99373","targetHints":{"allow":["GET"]}}],"collection":[{"href":"https:\/\/tvc16.com\/portal\/wp-json\/wp\/v2\/posts"}],"about":[{"href":"https:\/\/tvc16.com\/portal\/wp-json\/wp\/v2\/types\/post"}],"author":[{"embeddable":true,"href":"https:\/\/tvc16.com\/portal\/wp-json\/wp\/v2\/users\/2"}],"replies":[{"embeddable":true,"href":"https:\/\/tvc16.com\/portal\/wp-json\/wp\/v2\/comments?post=99373"}],"version-history":[{"count":1,"href":"https:\/\/tvc16.com\/portal\/wp-json\/wp\/v2\/posts\/99373\/revisions"}],"predecessor-version":[{"id":99375,"href":"https:\/\/tvc16.com\/portal\/wp-json\/wp\/v2\/posts\/99373\/revisions\/99375"}],"wp:featuredmedia":[{"embeddable":true,"href":"https:\/\/tvc16.com\/portal\/wp-json\/wp\/v2\/media\/99374"}],"wp:attachment":[{"href":"https:\/\/tvc16.com\/portal\/wp-json\/wp\/v2\/media?parent=99373"}],"wp:term":[{"taxonomy":"category","embeddable":true,"href":"https:\/\/tvc16.com\/portal\/wp-json\/wp\/v2\/categories?post=99373"},{"taxonomy":"post_tag","embeddable":true,"href":"https:\/\/tvc16.com\/portal\/wp-json\/wp\/v2\/tags?post=99373"}],"curies":[{"name":"wp","href":"https:\/\/api.w.org\/{rel}","templated":true}]}}